{"id":160805,"date":"2020-05-22T10:47:13","date_gmt":"2020-05-22T13:47:13","guid":{"rendered":"https:\/\/diarioregionaldigital.com.br\/?p=160805"},"modified":"2020-05-22T10:59:56","modified_gmt":"2020-05-22T13:59:56","slug":"minas-lidera-ranking-de-transparencia-da-covid-19","status":"publish","type":"post","link":"https:\/\/diarioregionaldigital.com.br\/?p=160805","title":{"rendered":"Minas lidera ranking de transpar\u00eancia da covid-19"},"content":{"rendered":"<p>Minas Gerais alcan\u00e7ou 100% da pontua\u00e7\u00e3o no \u201cRanking de Transpar\u00eancia da Covid-19\u201d, da Open Knowledge Brasil (OKBR). Publicada nesta quinta-feira (21\/5), a lista, que vem sendo divulgada semanalmente desde abril, avalia a qualidade das informa\u00e7\u00f5es e dados relacionados \u00e0 pandemia que t\u00eam sido publicados pela Uni\u00e3o e pelos estados brasileiros em seus portais oficiais.<\/p>\n<p>Para a composi\u00e7\u00e3o do \u00edndice, os dados s\u00e3o coletados, diariamente, com o objetivo de analisar conte\u00fado e par\u00e2metros para que sejam publicados. \u00c0 medida que a transpar\u00eancia das informa\u00e7\u00f5es de cada ente corresponda a estes crit\u00e9rios, mais ela contribuir\u00e1 para agilizar o trabalho interno dos \u00f3rg\u00e3os p\u00fablicos, al\u00e9m de facilitar o envolvimento de outros setores da sociedade para o desenvolvimento de solu\u00e7\u00f5es em conjunto com o poder p\u00fablico.<\/p>\n<p>&#8220;Esse resultado mostra o comprometimento do Estado com o di\u00e1logo e a transpar\u00eancia. A avalia\u00e7\u00e3o positiva da qualidade dos dados e informa\u00e7\u00f5es relativas \u00e0 pandemia \u00e9 fruto de um trabalho integrado da\u00a0Secretaria de Sa\u00fade\u00a0e da\u00a0Controladoria-Geral do Estado,\u00a0que est\u00e3o cada vez mais focadas na acessibilidade da informa\u00e7\u00e3o para os cidad\u00e3os mineiros&#8221;, avalia o governador Romeu Zema.<\/p>\n<p>Para o controlador-geral do Estado,\u00a0Rodrigo Fontenelle, &#8220;essa conquista prova que temos trilhado caminhos consistentes para munir a popula\u00e7\u00e3o de dados p\u00fablicos relevantes para o pleno exerc\u00edcio do controle social\u201d.<\/p>\n<p>A cont\u00ednua escalada de Minas na an\u00e1lise da OKBR tamb\u00e9m \u00e9 destacada pela subcontroladora de Transpar\u00eancia e Integridade da Controladoria-Geral do Estado (CGE), Nicolle Bleme. \u201cOs rankings s\u00e3o realizados em v\u00e1rias rodadas para mensurar a melhoria referente \u00e0 disponibiliza\u00e7\u00e3o dos dados p\u00fablicos. A coloca\u00e7\u00e3o de Minas reflete todo o trabalho que vimos realizando com foco na transpar\u00eancia. Contamos com uma rede muito colaborativa entre os \u00f3rg\u00e3os do Estado, especialmente com a Secretaria de Esatdo de Sa\u00fade, e adotamos solu\u00e7\u00f5es criativas sempre com o foco em garantir acessibilidade ao cidad\u00e3o\u201d, afirma.<\/p>\n<p>De acordo com o secret\u00e1rio de Estado de Sa\u00fade, Carlos Eduardo Amaral, chegar aos 100% de pontua\u00e7\u00e3o no ranking de transpar\u00eancia corresponde a um esfor\u00e7o que vem sendo realizado desde o in\u00edcio do Governo Romeu Zema, momento em que o governador determinou o m\u00e1ximo de transpar\u00eancia na gest\u00e3o p\u00fablica a toda a equipe, lema seguido com muita seriedade por todos os que trabalham nesta gest\u00e3o.<\/p>\n<p>\u201cA transpar\u00eancia permite que a sociedade acompanhe nosso trabalho, que interaja com o gestor p\u00fablico e possa trazer ideias, informa\u00e7\u00f5es e tamb\u00e9m apresentar dados para que a gest\u00e3o seja, a cada dia, mais eficiente e eficaz, de modo a conseguir proporcionar uma melhor qualidade de vida para os mineiros\u201d, refor\u00e7a o secret\u00e1rio.<\/p>\n<p><b>Ranking<\/b><\/p>\n<p>A OKBR, tamb\u00e9m conhecida como Rede pelo Conhecimento Livre, \u00e9 uma organiza\u00e7\u00e3o da sociedade civil sem fins lucrativos e apartid\u00e1ria que atua no pa\u00eds desde 2013. Ela desenvolve e incentiva o uso de tecnologias c\u00edvicas e de dados abertos, al\u00e9m de realizar an\u00e1lises de pol\u00edticas p\u00fablicas e promover o conhecimento livre, como forma de tornar a rela\u00e7\u00e3o entre governo e sociedade mais transparente e participativa.<\/p>\n<p>&nbsp;<\/p>\n<p><strong>Fonte:\u00a0<\/strong>Ag\u00eancia Minas<\/p>\n","protected":false},"excerpt":{"rendered":"<p>Minas Gerais alcan\u00e7ou 100% da pontua\u00e7\u00e3o no \u201cRanking de Transpar\u00eancia da Covid-19\u201d, da Open Knowledge Brasil (OKBR). Publicada nesta quinta-feira (21\/5), a lista, que vem sendo divulgada semanalmente desde abril, avalia a qualidade das informa\u00e7\u00f5es e dados relacionados \u00e0 pandemia que t\u00eam sido publicados pela Uni\u00e3o e pelos estados brasileiros em seus portais oficiais. Para [&hellip;]<\/p>\n","protected":false},"author":96,"featured_media":160806,"comment_status":"closed","ping_status":"closed","sticky":false,"template":"","format":"standard","meta":{"footnotes":""},"categories":[436,440,252,439],"tags":[],"class_list":["post-160805","post","type-post","status-publish","format-standard","has-post-thumbnail","hentry","category-destaque-da-semana","category-destaques-do-dia","category-regiao","category-ultima-hora"],"_links":{"self":[{"href":"https:\/\/diarioregionaldigital.com.br\/index.php?rest_route=\/wp\/v2\/posts\/160805","targetHints":{"allow":["GET"]}}],"collection":[{"href":"https:\/\/diarioregionaldigital.com.br\/index.php?rest_route=\/wp\/v2\/posts"}],"about":[{"href":"https:\/\/diarioregionaldigital.com.br\/index.php?rest_route=\/wp\/v2\/types\/post"}],"author":[{"embeddable":true,"href":"https:\/\/diarioregionaldigital.com.br\/index.php?rest_route=\/wp\/v2\/users\/96"}],"replies":[{"embeddable":true,"href":"https:\/\/diarioregionaldigital.com.br\/index.php?rest_route=%2Fwp%2Fv2%2Fcomments&post=160805"}],"version-history":[{"count":0,"href":"https:\/\/diarioregionaldigital.com.br\/index.php?rest_route=\/wp\/v2\/posts\/160805\/revisions"}],"wp:featuredmedia":[{"embeddable":true,"href":"https:\/\/diarioregionaldigital.com.br\/index.php?rest_route=\/wp\/v2\/media\/160806"}],"wp:attachment":[{"href":"https:\/\/diarioregionaldigital.com.br\/index.php?rest_route=%2Fwp%2Fv2%2Fmedia&parent=160805"}],"wp:term":[{"taxonomy":"category","embeddable":true,"href":"https:\/\/diarioregionaldigital.com.br\/index.php?rest_route=%2Fwp%2Fv2%2Fcategories&post=160805"},{"taxonomy":"post_tag","embeddable":true,"href":"https:\/\/diarioregionaldigital.com.br\/index.php?rest_route=%2Fwp%2Fv2%2Ftags&post=160805"}],"curies":[{"name":"wp","href":"https:\/\/api.w.org\/{rel}","templated":true}]}}