{"id":160802,"date":"2020-05-22T10:45:10","date_gmt":"2020-05-22T13:45:10","guid":{"rendered":"https:\/\/diarioregionaldigital.com.br\/?p=160802"},"modified":"2020-05-22T10:45:10","modified_gmt":"2020-05-22T13:45:10","slug":"governador-romeu-zema-fecha-acordo-com-poderes","status":"publish","type":"post","link":"https:\/\/diarioregionaldigital.com.br\/?p=160802","title":{"rendered":"Governador Romeu Zema fecha acordo com Poderes"},"content":{"rendered":"<p>O governador Romeu Zema se reuniu, nessa quinta-feira (21), no Banco de Desenvolvimento de Minas Gerais (BDMG), com os chefes dos Poderes Legislativo e Judici\u00e1rio, para discutir a situa\u00e7\u00e3o financeira de Minas Gerais. O governador apresentou a situa\u00e7\u00e3o financeira por que passa o Estado, agravada pela pandemia do coronav\u00edrus. O chefe do Executivo pediu solidariedade para arcar com o \u00f4nus financeiro decorrente da paralisa\u00e7\u00e3o das atividades econ\u00f4micas. Os presidentes da Assembleia Legislativa de Minas Gerais (ALMG), Agostinho Patrus; do Tribunal de Justi\u00e7a do Estado de Minas Gerais (TJMG), Nelson Missias; do Tribunal de Contas do Estado de Minas Gerais (TCEMG), Mauri Torres, e o procurador-geral de Justi\u00e7a do Estado de Minas Gerais, Ant\u00f4nio S\u00e9rgio Tonet, se solidarizaram e demonstraram o desejo de contribuir.<\/p>\n<p>Em maio, devido a recurso extraordin\u00e1rio, o valor pago mensalmente pelo Executivo para garantir a autonomia administrativa e financeira dos outros Poderes foi repassado integralmente. No entanto, os recursos poder\u00e3o passar por uma adequa\u00e7\u00e3o no fluxo de pagamento em junho, em decorr\u00eancia da queda de arrecada\u00e7\u00e3o, situa\u00e7\u00e3o que agravou ainda mais o caixa do Estado. \u201cN\u00e3o foi proposto redu\u00e7\u00e3o de valor. O que foi acordado \u00e9 que repassaremos um percentual. O restante ser\u00e1 complementado no m\u00eas seguinte. A ideia \u00e9 adotarmos este modelo at\u00e9 que a pandemia passe e o Estado tenha condi\u00e7\u00e3o de recuperar a arrecada\u00e7\u00e3o\u201d, explicou Zema. De acordo com o governador, a reuni\u00e3o foi pautada por um di\u00e1logo aberto e transparente. \u201cO secret\u00e1rio de Estado de Fazenda, Gustavo Barbosa, apresentou o atual cen\u00e1rio financeiro do Estado. Os Poderes entenderam a situa\u00e7\u00e3o e est\u00e3o dispostos a participar junto ao Executivo do esfor\u00e7o para que possamos passar por este per\u00edodo de dificuldades. A crise n\u00e3o \u00e9 eterna\u201d, afirmou.<\/p>\n<p>Zema enfatizou que esses recursos s\u00e3o direito dos Poderes receberem, assegurados constitucionalmente. Receitas extraordin\u00e1rias Para explicar sobre a s\u00e9ria situa\u00e7\u00e3o financeira em que Minas Gerais se encontra, Romeu Zema relatou que s\u00f3 conseguiu fechar as contas de abril devido a um recebimento extraordin\u00e1rio de R$ 782 milh\u00f5es de um cr\u00e9dito do antigo Banco do Estado de Minas Gerais (Bemge). \u201cAgrade\u00e7o ao presidente do Tribunal de Justi\u00e7a do Estado de Minas Gerais (TJMG), Nelson Missias, que participou dessa opera\u00e7\u00e3o\u201d, disse.<\/p>\n<p>J\u00e1 em rela\u00e7\u00e3o a maio, o governador ressaltou que os compromissos ser\u00e3o honrados com a ajuda de uma decis\u00e3o judicial, que gerou uma receita para o Estado no valor de R$ 1 bilh\u00e3o. \u201cO valor refere-se a um dep\u00f3sito judicial da Vale relacionado \u00e0 trag\u00e9dia de Brumadinho\u201d, explicou. Novo encontro O governador reafirmou que a situa\u00e7\u00e3o de Minas no momento \u00e9 grav\u00edssima, mas que os Poderes est\u00e3o unidos e sensibilizados com a situa\u00e7\u00e3o. De acordo com Romeu Zema, uma nova reuni\u00e3o foi agendada para 15 de junho, quando ser\u00e1 poss\u00edvel analisar as contas e chegar a um acordo. \u201cFicou claro a boa vontade e disposi\u00e7\u00e3o de todos para colaborar com Minas Gerais. N\u00e3o somos Poderes separados. Fazemos parte de um \u00fanico Estado, cada um desempenhando a sua fun\u00e7\u00e3o\u201d, finalizou.<\/p>\n<p><strong>Presen\u00e7as<\/strong><\/p>\n<p>Estiveram presentes na reuni\u00e3o o vice-governador, Paulo Brant; o presidente da Assembleia Legislativa de Minas Gerais (ALMG), Agostinho Patrus; o presidente do Tribunal de Justi\u00e7a do Estado de Minas Gerais (TJMG), Nelson Missias; o procurador-geral de Justi\u00e7a do Estado de Minas Gerais, Ant\u00f4nio S\u00e9rgio Tonet e o presidente do Tribunal de Contas do Estado de Minas Gerais (TCEMG), Mauri Torres. O secret\u00e1rio de Governo, Igor Eto; o secret\u00e1rio de Estado de Fazenda, Gustavo Barbosa, e o secret\u00e1rio de Estado de Planejamento, Otto Levy, tamb\u00e9m participaram do encontro.<\/p>\n<p>&nbsp;<\/p>\n<p><strong>Fonte:\u00a0<\/strong>Ag\u00eancia Minas<\/p>\n","protected":false},"excerpt":{"rendered":"<p>O governador Romeu Zema se reuniu, nessa quinta-feira (21), no Banco de Desenvolvimento de Minas Gerais (BDMG), com os chefes dos Poderes Legislativo e Judici\u00e1rio, para discutir a situa\u00e7\u00e3o financeira de Minas Gerais. O governador apresentou a situa\u00e7\u00e3o financeira por que passa o Estado, agravada pela pandemia do coronav\u00edrus. O chefe do Executivo pediu solidariedade [&hellip;]<\/p>\n","protected":false},"author":96,"featured_media":160803,"comment_status":"closed","ping_status":"closed","sticky":false,"template":"","format":"standard","meta":{"footnotes":""},"categories":[436,261,439],"tags":[],"class_list":["post-160802","post","type-post","status-publish","format-standard","has-post-thumbnail","hentry","category-destaque-da-semana","category-economia","category-ultima-hora"],"_links":{"self":[{"href":"https:\/\/diarioregionaldigital.com.br\/index.php?rest_route=\/wp\/v2\/posts\/160802","targetHints":{"allow":["GET"]}}],"collection":[{"href":"https:\/\/diarioregionaldigital.com.br\/index.php?rest_route=\/wp\/v2\/posts"}],"about":[{"href":"https:\/\/diarioregionaldigital.com.br\/index.php?rest_route=\/wp\/v2\/types\/post"}],"author":[{"embeddable":true,"href":"https:\/\/diarioregionaldigital.com.br\/index.php?rest_route=\/wp\/v2\/users\/96"}],"replies":[{"embeddable":true,"href":"https:\/\/diarioregionaldigital.com.br\/index.php?rest_route=%2Fwp%2Fv2%2Fcomments&post=160802"}],"version-history":[{"count":0,"href":"https:\/\/diarioregionaldigital.com.br\/index.php?rest_route=\/wp\/v2\/posts\/160802\/revisions"}],"wp:featuredmedia":[{"embeddable":true,"href":"https:\/\/diarioregionaldigital.com.br\/index.php?rest_route=\/wp\/v2\/media\/160803"}],"wp:attachment":[{"href":"https:\/\/diarioregionaldigital.com.br\/index.php?rest_route=%2Fwp%2Fv2%2Fmedia&parent=160802"}],"wp:term":[{"taxonomy":"category","embeddable":true,"href":"https:\/\/diarioregionaldigital.com.br\/index.php?rest_route=%2Fwp%2Fv2%2Fcategories&post=160802"},{"taxonomy":"post_tag","embeddable":true,"href":"https:\/\/diarioregionaldigital.com.br\/index.php?rest_route=%2Fwp%2Fv2%2Ftags&post=160802"}],"curies":[{"name":"wp","href":"https:\/\/api.w.org\/{rel}","templated":true}]}}