{"id":160799,"date":"2020-05-22T10:43:07","date_gmt":"2020-05-22T13:43:07","guid":{"rendered":"https:\/\/diarioregionaldigital.com.br\/?p=160799"},"modified":"2020-05-22T10:43:07","modified_gmt":"2020-05-22T13:43:07","slug":"covid-19-minas-gerais-passa-da-marca-de-200-mortes","status":"publish","type":"post","link":"https:\/\/diarioregionaldigital.com.br\/?p=160799","title":{"rendered":"Covid-19: Minas Gerais passa da marca de 200 mortes"},"content":{"rendered":"<p>O <a href=\"https:\/\/www.saude.mg.gov.br\/images\/noticias_e_eventos\/000_2020\/Boletins_Corona\/Boletim_Epidemiologico_COVID-19_22.05.2020.pdf\">boletim epidemiol\u00f3gico<\/a> divulgado nesta sexta-feira (22) pela Secretaria de Estado da Sa\u00fade de Minas Gerais (SES-MG), confirma que o estado passa da marca de 200 mortes confirmadas de Coronav\u00edrus. Na compara\u00e7\u00e3o com o boletim de ontem (21), houve aumento de mais 10 \u00f3bitos: Belo Horizonte (idosa de 71 e 75 anos e idosos de 76 e 93 anos), Contagem (idoso de 72 anos), Divin\u00f3polis (idoso de 68 anos), Barbacena (jovem de 23 anos), Passos (homem de 44 anos), S\u00e3o Francisco (idoso de 67 anos), Ibirit\u00e9 (homem de 34 anos) e Ituiutaba (homem de 31 anos), totalizando 201 mortes.<\/p>\n<p>Os casos confirmados cresceram em 93,3% de ontem para hoje (22), totalizando 5.995 casos confirmados. J\u00e1 a taxa de pacientes recuperados aumentou em 95,1%, totalizando 3.070 casos recuperados. O total representa 51,2% dos casos confirmados pelo estado e os \u00f3bitos representam 3,33%.<\/p>\n<p>Os\u00a0dados atualizados\u00a0referentes a \u00f3bitos confirmados em Minas Gerais podem ser conferidos no anexo abaixo.<\/p>\n<p><a href=\"https:\/\/diarioregionaldigital.com.br\/wp-content\/uploads\/2020\/05\/OBITOS_CONF_COVID-19_MG_22.05.2020.xls\">OBITOS_CONF_COVID-19_MG_22.05.2020<\/a><\/p>\n","protected":false},"excerpt":{"rendered":"<p>O boletim epidemiol\u00f3gico divulgado nesta sexta-feira (22) pela Secretaria de Estado da Sa\u00fade de Minas Gerais (SES-MG), confirma que o estado passa da marca de 200 mortes confirmadas de Coronav\u00edrus. Na compara\u00e7\u00e3o com o boletim de ontem (21), houve aumento de mais 10 \u00f3bitos: Belo Horizonte (idosa de 71 e 75 anos e idosos de [&hellip;]<\/p>\n","protected":false},"author":96,"featured_media":158356,"comment_status":"closed","ping_status":"closed","sticky":false,"template":"","format":"standard","meta":{"footnotes":""},"categories":[436,440,252,439],"tags":[],"class_list":["post-160799","post","type-post","status-publish","format-standard","has-post-thumbnail","hentry","category-destaque-da-semana","category-destaques-do-dia","category-regiao","category-ultima-hora"],"_links":{"self":[{"href":"https:\/\/diarioregionaldigital.com.br\/index.php?rest_route=\/wp\/v2\/posts\/160799","targetHints":{"allow":["GET"]}}],"collection":[{"href":"https:\/\/diarioregionaldigital.com.br\/index.php?rest_route=\/wp\/v2\/posts"}],"about":[{"href":"https:\/\/diarioregionaldigital.com.br\/index.php?rest_route=\/wp\/v2\/types\/post"}],"author":[{"embeddable":true,"href":"https:\/\/diarioregionaldigital.com.br\/index.php?rest_route=\/wp\/v2\/users\/96"}],"replies":[{"embeddable":true,"href":"https:\/\/diarioregionaldigital.com.br\/index.php?rest_route=%2Fwp%2Fv2%2Fcomments&post=160799"}],"version-history":[{"count":0,"href":"https:\/\/diarioregionaldigital.com.br\/index.php?rest_route=\/wp\/v2\/posts\/160799\/revisions"}],"wp:featuredmedia":[{"embeddable":true,"href":"https:\/\/diarioregionaldigital.com.br\/index.php?rest_route=\/wp\/v2\/media\/158356"}],"wp:attachment":[{"href":"https:\/\/diarioregionaldigital.com.br\/index.php?rest_route=%2Fwp%2Fv2%2Fmedia&parent=160799"}],"wp:term":[{"taxonomy":"category","embeddable":true,"href":"https:\/\/diarioregionaldigital.com.br\/index.php?rest_route=%2Fwp%2Fv2%2Fcategories&post=160799"},{"taxonomy":"post_tag","embeddable":true,"href":"https:\/\/diarioregionaldigital.com.br\/index.php?rest_route=%2Fwp%2Fv2%2Ftags&post=160799"}],"curies":[{"name":"wp","href":"https:\/\/api.w.org\/{rel}","templated":true}]}}