{"id":160793,"date":"2020-05-22T06:00:08","date_gmt":"2020-05-22T09:00:08","guid":{"rendered":"https:\/\/diarioregionaldigital.com.br\/?p=160793"},"modified":"2020-05-22T00:07:18","modified_gmt":"2020-05-22T03:07:18","slug":"cultura","status":"publish","type":"post","link":"https:\/\/diarioregionaldigital.com.br\/?p=160793","title":{"rendered":"Cultura"},"content":{"rendered":"<p style=\"text-align: center;\"><strong>Cantoria <\/strong><\/p>\n<p style=\"text-align: center;\">Foi emocionante a apresenta\u00e7\u00e3o da dupla sertaneja Bruno Henrique &amp; Rafael cantando em um showlive solid\u00e1rio na cobertura do Trade Hotel. O objetivo foi arrecadar donativos para o projeto Anjos da Rua, que atende a pessoas em situa\u00e7\u00e3o de rua. O projeto contou com a parceria da Brasil Im\u00f3veis.<\/p>\n<p style=\"text-align: center;\"><strong>Solta o Som<\/strong><\/p>\n<p style=\"text-align: center;\">Estrelas da nossa m\u00fasica tem todo o apoio de patrocinadores nas lives. Mas \u00e9 preciso apoiar artista que ganham a vida em bares e Dj\u2019s. As lives vieram para ficar e o maior desafio ser\u00e1 criar diferentes experi\u00eancias para o p\u00fablico.<\/p>\n<p style=\"text-align: center;\"><strong>Maravilha de Cen\u00e1rio<\/strong><\/p>\n<p style=\"text-align: center;\">J\u00e1 que por enquanto n\u00e3o podemos ir \u00e0 praia, a paisagem carioca pode ir para dentro de sua casa. O fot\u00f3grafo e galerista Jo\u00e3o Nabuco est\u00e1 lan\u00e7ando a s\u00e9rie \u201cGeografia carioca\u201d impressa em pranchas de surfe. Uma rever\u00eancia a areia, palmeiras e mar.<\/p>\n<p style=\"text-align: center;\"><strong>Economia<\/strong><\/p>\n<p style=\"text-align: center;\">A postar no c\u00e2mbio \u00e9 sempre arriscando, mas um fundo americano com mais de U$30 bilh\u00f5es em pa\u00edses emergentes e boa experi\u00eancia em Brasil cravou que o d\u00f3lar bater$ 8 no Natal. Quem viver ver\u00e1.<\/p>\n<p style=\"text-align: center;\"><strong>Cultura<\/strong><\/p>\n<p style=\"text-align: center;\">A quarentena foi produ\u00e7\u00e3o para o produtor e escritor Nelson Motta Depois de mais um ano em cima do texto, conseguiu terminar \u201cDe cu para a lua \u2013 Dramas com\u00e9dias e mist\u00e9rios de um rapaz de sorte\u201d. O livro sai pela Esta\u00e7\u00e3o Sextante assim que a pandemia der uma folga.<\/p>\n<p style=\"text-align: center;\"><span style=\"font-size: 14pt;\"><strong>Para Refletir<\/strong><\/span><\/p>\n<p style=\"text-align: center;\">A crise provocada pela Covid- 19 exp\u00f5e praticamente 50 milh\u00f5es de brasileiros como cidad\u00e3os vivendo abaixo da linha da pobreza levando a uma necessidade j\u00e1 sabida: a urg\u00eancia de maiores investimentos em sa\u00fade, educa\u00e7\u00e3o e na cria\u00e7\u00e3o de uma rede consistente de prote\u00e7\u00e3o social.<\/p>\n<div id=\"attachment_160782\" style=\"width: 690px\" class=\"wp-caption aligncenter\"><img loading=\"lazy\" decoding=\"async\" aria-describedby=\"caption-attachment-160782\" class=\"wp-image-160782\" src=\"https:\/\/diarioregionaldigital.com.br\/wp-content\/uploads\/2020\/05\/fotoaa-4-e1590115685858.jpg\" alt=\"\" width=\"680\" height=\"500\" srcset=\"https:\/\/diarioregionaldigital.com.br\/wp-content\/uploads\/2020\/05\/fotoaa-4-e1590115685858.jpg 853w, https:\/\/diarioregionaldigital.com.br\/wp-content\/uploads\/2020\/05\/fotoaa-4-e1590115685858-300x221.jpg 300w, https:\/\/diarioregionaldigital.com.br\/wp-content\/uploads\/2020\/05\/fotoaa-4-e1590115685858-768x565.jpg 768w, https:\/\/diarioregionaldigital.com.br\/wp-content\/uploads\/2020\/05\/fotoaa-4-e1590115685858-360x265.jpg 360w\" sizes=\"auto, (max-width: 680px) 100vw, 680px\" \/><p id=\"caption-attachment-160782\" class=\"wp-caption-text\">O competente sindicalista l\u00edder do S\u00ednteac S\u00e9rgio F\u00e9lix<\/p><\/div>\n<div id=\"attachment_160781\" style=\"width: 690px\" class=\"wp-caption aligncenter\"><img loading=\"lazy\" decoding=\"async\" aria-describedby=\"caption-attachment-160781\" class=\"wp-image-160781\" src=\"https:\/\/diarioregionaldigital.com.br\/wp-content\/uploads\/2020\/05\/fotoa-14-e1590115372175.jpg\" alt=\"\" width=\"680\" height=\"533\" srcset=\"https:\/\/diarioregionaldigital.com.br\/wp-content\/uploads\/2020\/05\/fotoa-14-e1590115372175.jpg 346w, https:\/\/diarioregionaldigital.com.br\/wp-content\/uploads\/2020\/05\/fotoa-14-e1590115372175-300x235.jpg 300w\" sizes=\"auto, (max-width: 680px) 100vw, 680px\" \/><p id=\"caption-attachment-160781\" class=\"wp-caption-text\">Beto Souza festeja anivers\u00e1rio com a m\u00e3e-Maria Helena Reis no s\u00e1bado (23)<\/p><\/div>\n<div id=\"attachment_160784\" style=\"width: 690px\" class=\"wp-caption aligncenter\"><img loading=\"lazy\" decoding=\"async\" aria-describedby=\"caption-attachment-160784\" class=\"wp-image-160784\" src=\"https:\/\/diarioregionaldigital.com.br\/wp-content\/uploads\/2020\/05\/fotobb-1-e1590115898487.jpg\" alt=\"\" width=\"680\" height=\"505\" srcset=\"https:\/\/diarioregionaldigital.com.br\/wp-content\/uploads\/2020\/05\/fotobb-1-e1590115898487.jpg 720w, https:\/\/diarioregionaldigital.com.br\/wp-content\/uploads\/2020\/05\/fotobb-1-e1590115898487-300x223.jpg 300w, https:\/\/diarioregionaldigital.com.br\/wp-content\/uploads\/2020\/05\/fotobb-1-e1590115898487-360x268.jpg 360w\" sizes=\"auto, (max-width: 680px) 100vw, 680px\" \/><p id=\"caption-attachment-160784\" class=\"wp-caption-text\">Aniversariando hoje o querido Jos\u00e9 Modesto. Parab\u00e9ns<\/p><\/div>\n<div id=\"attachment_160783\" style=\"width: 690px\" class=\"wp-caption aligncenter\"><img loading=\"lazy\" decoding=\"async\" aria-describedby=\"caption-attachment-160783\" class=\"wp-image-160783\" src=\"https:\/\/diarioregionaldigital.com.br\/wp-content\/uploads\/2020\/05\/fotob-14-e1590115802932.jpg\" alt=\"\" width=\"680\" height=\"518\" srcset=\"https:\/\/diarioregionaldigital.com.br\/wp-content\/uploads\/2020\/05\/fotob-14-e1590115802932.jpg 1365w, https:\/\/diarioregionaldigital.com.br\/wp-content\/uploads\/2020\/05\/fotob-14-e1590115802932-300x229.jpg 300w, https:\/\/diarioregionaldigital.com.br\/wp-content\/uploads\/2020\/05\/fotob-14-e1590115802932-768x585.jpg 768w, https:\/\/diarioregionaldigital.com.br\/wp-content\/uploads\/2020\/05\/fotob-14-e1590115802932-1024x780.jpg 1024w, https:\/\/diarioregionaldigital.com.br\/wp-content\/uploads\/2020\/05\/fotob-14-e1590115802932-360x274.jpg 360w\" sizes=\"auto, (max-width: 680px) 100vw, 680px\" \/><p id=\"caption-attachment-160783\" class=\"wp-caption-text\">Casal querido visitando esta coluna social on-line: M\u00e1rcia e Sebasti\u00e3o Justino<\/p><\/div>\n<div id=\"attachment_160785\" style=\"width: 690px\" class=\"wp-caption aligncenter\"><img loading=\"lazy\" decoding=\"async\" aria-describedby=\"caption-attachment-160785\" class=\"wp-image-160785\" src=\"https:\/\/diarioregionaldigital.com.br\/wp-content\/uploads\/2020\/05\/fotoc-12-e1590115945669.jpg\" alt=\"\" width=\"680\" height=\"525\" srcset=\"https:\/\/diarioregionaldigital.com.br\/wp-content\/uploads\/2020\/05\/fotoc-12-e1590115945669.jpg 473w, https:\/\/diarioregionaldigital.com.br\/wp-content\/uploads\/2020\/05\/fotoc-12-e1590115945669-300x232.jpg 300w, https:\/\/diarioregionaldigital.com.br\/wp-content\/uploads\/2020\/05\/fotoc-12-e1590115945669-360x278.jpg 360w\" sizes=\"auto, (max-width: 680px) 100vw, 680px\" \/><p id=\"caption-attachment-160785\" class=\"wp-caption-text\">Mulheres poderosas em noite social: Larissa Nunes e Eveline Toledo<\/p><\/div>\n<div id=\"attachment_160787\" style=\"width: 690px\" class=\"wp-caption aligncenter\"><img loading=\"lazy\" decoding=\"async\" aria-describedby=\"caption-attachment-160787\" class=\"wp-image-160787\" src=\"https:\/\/diarioregionaldigital.com.br\/wp-content\/uploads\/2020\/05\/fotoe-12-e1590115979780.jpg\" alt=\"\" width=\"680\" height=\"505\" srcset=\"https:\/\/diarioregionaldigital.com.br\/wp-content\/uploads\/2020\/05\/fotoe-12-e1590115979780.jpg 1840w, https:\/\/diarioregionaldigital.com.br\/wp-content\/uploads\/2020\/05\/fotoe-12-e1590115979780-300x223.jpg 300w, https:\/\/diarioregionaldigital.com.br\/wp-content\/uploads\/2020\/05\/fotoe-12-e1590115979780-768x570.jpg 768w, https:\/\/diarioregionaldigital.com.br\/wp-content\/uploads\/2020\/05\/fotoe-12-e1590115979780-1024x760.jpg 1024w, https:\/\/diarioregionaldigital.com.br\/wp-content\/uploads\/2020\/05\/fotoe-12-e1590115979780-360x267.jpg 360w\" sizes=\"auto, (max-width: 680px) 100vw, 680px\" \/><p id=\"caption-attachment-160787\" class=\"wp-caption-text\">Amigos queridos no Na\u00fatico: Beth Marocolo Cherem e C\u00e9sar Cherem<\/p><\/div>\n<div id=\"attachment_160788\" style=\"width: 690px\" class=\"wp-caption aligncenter\"><img loading=\"lazy\" decoding=\"async\" aria-describedby=\"caption-attachment-160788\" class=\"wp-image-160788\" src=\"https:\/\/diarioregionaldigital.com.br\/wp-content\/uploads\/2020\/05\/fotof-11-e1590116012972.jpg\" alt=\"\" width=\"680\" height=\"468\" srcset=\"https:\/\/diarioregionaldigital.com.br\/wp-content\/uploads\/2020\/05\/fotof-11-e1590116012972.jpg 1623w, https:\/\/diarioregionaldigital.com.br\/wp-content\/uploads\/2020\/05\/fotof-11-e1590116012972-300x206.jpg 300w, https:\/\/diarioregionaldigital.com.br\/wp-content\/uploads\/2020\/05\/fotof-11-e1590116012972-768x528.jpg 768w, https:\/\/diarioregionaldigital.com.br\/wp-content\/uploads\/2020\/05\/fotof-11-e1590116012972-1024x704.jpg 1024w, https:\/\/diarioregionaldigital.com.br\/wp-content\/uploads\/2020\/05\/fotof-11-e1590116012972-360x248.jpg 360w, https:\/\/diarioregionaldigital.com.br\/wp-content\/uploads\/2020\/05\/fotof-11-e1590116012972-100x70.jpg 100w\" sizes=\"auto, (max-width: 680px) 100vw, 680px\" \/><p id=\"caption-attachment-160788\" class=\"wp-caption-text\">Fazendo pose, as maravilhosas: Maria Carolina Rodrigues, Josi Brito e Gilmara Rocha<\/p><\/div>\n<div id=\"attachment_160789\" style=\"width: 690px\" class=\"wp-caption aligncenter\"><img loading=\"lazy\" decoding=\"async\" aria-describedby=\"caption-attachment-160789\" class=\"wp-image-160789\" src=\"https:\/\/diarioregionaldigital.com.br\/wp-content\/uploads\/2020\/05\/fotog-10-e1590116041250.jpg\" alt=\"\" width=\"680\" height=\"454\" srcset=\"https:\/\/diarioregionaldigital.com.br\/wp-content\/uploads\/2020\/05\/fotog-10-e1590116041250.jpg 1780w, https:\/\/diarioregionaldigital.com.br\/wp-content\/uploads\/2020\/05\/fotog-10-e1590116041250-300x200.jpg 300w, https:\/\/diarioregionaldigital.com.br\/wp-content\/uploads\/2020\/05\/fotog-10-e1590116041250-768x513.jpg 768w, https:\/\/diarioregionaldigital.com.br\/wp-content\/uploads\/2020\/05\/fotog-10-e1590116041250-1024x683.jpg 1024w, https:\/\/diarioregionaldigital.com.br\/wp-content\/uploads\/2020\/05\/fotog-10-e1590116041250-360x240.jpg 360w\" sizes=\"auto, (max-width: 680px) 100vw, 680px\" \/><p id=\"caption-attachment-160789\" class=\"wp-caption-text\">Gente de arte e cultura: Nequitz Miguel, Badia e Neuza Marsicano<\/p><\/div>\n<div id=\"attachment_160786\" style=\"width: 690px\" class=\"wp-caption aligncenter\"><img loading=\"lazy\" decoding=\"async\" aria-describedby=\"caption-attachment-160786\" class=\"wp-image-160786\" src=\"https:\/\/diarioregionaldigital.com.br\/wp-content\/uploads\/2020\/05\/fotod-13.jpg\" alt=\"\" width=\"680\" height=\"517\" srcset=\"https:\/\/diarioregionaldigital.com.br\/wp-content\/uploads\/2020\/05\/fotod-13.jpg 960w, https:\/\/diarioregionaldigital.com.br\/wp-content\/uploads\/2020\/05\/fotod-13-300x228.jpg 300w, https:\/\/diarioregionaldigital.com.br\/wp-content\/uploads\/2020\/05\/fotod-13-768x584.jpg 768w, https:\/\/diarioregionaldigital.com.br\/wp-content\/uploads\/2020\/05\/fotod-13-360x274.jpg 360w\" sizes=\"auto, (max-width: 680px) 100vw, 680px\" \/><p id=\"caption-attachment-160786\" class=\"wp-caption-text\">Gente elegante: Marcos Matioli, Carlos Eduardo Cavanellas e Juliane Matioli<\/p><\/div>\n<div id=\"attachment_160790\" style=\"width: 690px\" class=\"wp-caption aligncenter\"><img loading=\"lazy\" decoding=\"async\" aria-describedby=\"caption-attachment-160790\" class=\"wp-image-160790\" src=\"https:\/\/diarioregionaldigital.com.br\/wp-content\/uploads\/2020\/05\/fotoh-9-e1590116094285.jpg\" alt=\"\" width=\"680\" height=\"470\" srcset=\"https:\/\/diarioregionaldigital.com.br\/wp-content\/uploads\/2020\/05\/fotoh-9-e1590116094285.jpg 1715w, https:\/\/diarioregionaldigital.com.br\/wp-content\/uploads\/2020\/05\/fotoh-9-e1590116094285-300x207.jpg 300w, https:\/\/diarioregionaldigital.com.br\/wp-content\/uploads\/2020\/05\/fotoh-9-e1590116094285-768x531.jpg 768w, https:\/\/diarioregionaldigital.com.br\/wp-content\/uploads\/2020\/05\/fotoh-9-e1590116094285-1024x708.jpg 1024w, https:\/\/diarioregionaldigital.com.br\/wp-content\/uploads\/2020\/05\/fotoh-9-e1590116094285-360x249.jpg 360w, https:\/\/diarioregionaldigital.com.br\/wp-content\/uploads\/2020\/05\/fotoh-9-e1590116094285-100x70.jpg 100w\" sizes=\"auto, (max-width: 680px) 100vw, 680px\" \/><p id=\"caption-attachment-160790\" class=\"wp-caption-text\">No Marcellu\u2019s Aero: Adriana, Rita e Em\u00edlia David<\/p><\/div>\n<p style=\"text-align: center;\"><strong>FOTOSS\u00cdNTESE<\/strong><\/p>\n<p>Corra pois o caminh\u00e3o \u201ccata velho\u201d, vai passar hoje por toda cidade. Fica em casa, pois agora ele vai passar todo dia.<\/p>\n<p>Em boa hora a Fiemg est\u00e1 fornecendo 300mil testes r\u00e1pidos para a ind\u00fastria para Covid-19. O objetivo \u00e9 auxiliar o setor industrial para que as empresas passam voltar a operar sem colocar em risco a sa\u00fade de seus trabalhadores.<\/p>\n<p>Din\u00e2mico e atuante, o querido Chico Brinati recebeu convite para ser pr\u00f3-reitor de Extens\u00e3o e Assuntos Comunit\u00e1rios (Proex) da universidade Federal de S\u00e3o Jo\u00e3o Del Rei (UFSJ).<\/p>\n<p>J\u00e1 est\u00e1 no ar parte do material que integra o projeto \u201cCadinho de Prosa\u201d, constru\u00edda em conjunto pela equipe da Secretaria de Educa\u00e7\u00e3o. Vai l\u00e1 (https:\/\/sites.google.com\/view\/cadinhodeprosa).<\/p>\n<p>A artista pl\u00e1stica Nequitz Miguel que reside no Rio, est\u00e1 fazendo isolamento social em sua cobertura no bairro S\u00e3o Mateus. Tamb\u00e9m Maria Rita Gomes da Rocha e Roberto Lu\u00eds da Rocha fecharam o apartamento do Rio e est\u00e3o em sua casa na Vila Militar, no bairro F\u00e1brica.<\/p>\n<p>A campanha Sorte Acelerada do Mc Donald\u2019s e da Hyundai colocou a Funda\u00e7\u00e3o Ricardo Moys\u00e9s J\u00fanior. Como uma das institui\u00e7\u00f5es beneficiadas.<\/p>\n<p>Colocando todas as violetas na janela, a professora e pesquisadora Maria Cristina Andreolli tomou, posse na C\u00e2mara de Ci\u00eancias Exatas e dos Materiais do Conselho Curador da Fapemig.<\/p>\n<p>Bastante interessante o texto do jornalista Wendell Guiducci \u201cmorrer fugir\u201d, publicado na TM.<\/p>\n<p>Em comemora\u00e7\u00e3o ao anivers\u00e1rio de Juiz de Fora, o Museu lan\u00e7ou a campanha \u2018Minha foto no Museu\u2019 Mariano Proc\u00f3pio, em que o p\u00fablico \u00e9 convidado a participar com fotos quando visitaram o museu.<\/p>\n<p>Recadinho: Relaxa porque nessa vida at\u00e9 a lua fica cheia . Bom dia!<\/p>\n<p><img loading=\"lazy\" decoding=\"async\" class=\"aligncenter size-full wp-image-160794\" src=\"https:\/\/diarioregionaldigital.com.br\/wp-content\/uploads\/2020\/05\/anuncio44-1.jpg\" alt=\"\" width=\"3516\" height=\"1284\" srcset=\"https:\/\/diarioregionaldigital.com.br\/wp-content\/uploads\/2020\/05\/anuncio44-1.jpg 3516w, https:\/\/diarioregionaldigital.com.br\/wp-content\/uploads\/2020\/05\/anuncio44-1-300x110.jpg 300w, https:\/\/diarioregionaldigital.com.br\/wp-content\/uploads\/2020\/05\/anuncio44-1-768x280.jpg 768w, https:\/\/diarioregionaldigital.com.br\/wp-content\/uploads\/2020\/05\/anuncio44-1-1024x374.jpg 1024w, https:\/\/diarioregionaldigital.com.br\/wp-content\/uploads\/2020\/05\/anuncio44-1-360x131.jpg 360w\" sizes=\"auto, (max-width: 3516px) 100vw, 3516px\" \/><\/p>\n","protected":false},"excerpt":{"rendered":"<p>Cantoria Foi emocionante a apresenta\u00e7\u00e3o da dupla sertaneja Bruno Henrique &amp; Rafael cantando em um showlive solid\u00e1rio na cobertura do Trade Hotel. O objetivo foi arrecadar donativos para o projeto Anjos da Rua, que atende a pessoas em situa\u00e7\u00e3o de rua. O projeto contou com a parceria da Brasil Im\u00f3veis. Solta o Som Estrelas da [&hellip;]<\/p>\n","protected":false},"author":96,"featured_media":160782,"comment_status":"closed","ping_status":"closed","sticky":false,"template":"","format":"standard","meta":{"footnotes":""},"categories":[264],"tags":[],"class_list":["post-160793","post","type-post","status-publish","format-standard","has-post-thumbnail","hentry","category-eduardo-gomes"],"_links":{"self":[{"href":"https:\/\/diarioregionaldigital.com.br\/index.php?rest_route=\/wp\/v2\/posts\/160793","targetHints":{"allow":["GET"]}}],"collection":[{"href":"https:\/\/diarioregionaldigital.com.br\/index.php?rest_route=\/wp\/v2\/posts"}],"about":[{"href":"https:\/\/diarioregionaldigital.com.br\/index.php?rest_route=\/wp\/v2\/types\/post"}],"author":[{"embeddable":true,"href":"https:\/\/diarioregionaldigital.com.br\/index.php?rest_route=\/wp\/v2\/users\/96"}],"replies":[{"embeddable":true,"href":"https:\/\/diarioregionaldigital.com.br\/index.php?rest_route=%2Fwp%2Fv2%2Fcomments&post=160793"}],"version-history":[{"count":0,"href":"https:\/\/diarioregionaldigital.com.br\/index.php?rest_route=\/wp\/v2\/posts\/160793\/revisions"}],"wp:featuredmedia":[{"embeddable":true,"href":"https:\/\/diarioregionaldigital.com.br\/index.php?rest_route=\/wp\/v2\/media\/160782"}],"wp:attachment":[{"href":"https:\/\/diarioregionaldigital.com.br\/index.php?rest_route=%2Fwp%2Fv2%2Fmedia&parent=160793"}],"wp:term":[{"taxonomy":"category","embeddable":true,"href":"https:\/\/diarioregionaldigital.com.br\/index.php?rest_route=%2Fwp%2Fv2%2Fcategories&post=160793"},{"taxonomy":"post_tag","embeddable":true,"href":"https:\/\/diarioregionaldigital.com.br\/index.php?rest_route=%2Fwp%2Fv2%2Ftags&post=160793"}],"curies":[{"name":"wp","href":"https:\/\/api.w.org\/{rel}","templated":true}]}}