{"id":160778,"date":"2020-05-21T20:09:37","date_gmt":"2020-05-21T23:09:37","guid":{"rendered":"https:\/\/diarioregionaldigital.com.br\/?p=160778"},"modified":"2020-05-21T20:09:37","modified_gmt":"2020-05-21T23:09:37","slug":"brasil-chega-a-mais-de-20-mil-mortes-por-covid-19","status":"publish","type":"post","link":"https:\/\/diarioregionaldigital.com.br\/?p=160778","title":{"rendered":"Brasil chega a mais de 20 mil mortes por covid-19"},"content":{"rendered":"<p>O Brasil supera mais uma vez o n\u00famero de mortes registradas em um dia, atingiu 1.188. Com este acr\u00e9scimo, o total chegou a 20.047. O resultado representou um aumento de 6,2% em rela\u00e7\u00e3o a\u00a0ontem(20), quando foram contabilizados 18.859 mil falecimentos por covid-19.<\/p>\n<p>O pa\u00eds\u00a0passou da casa dos 300 mil casos confirmados do novo coronav\u00edrus,\u00a0de acordo com o balan\u00e7o do Minist\u00e9rio da Sa\u00fade divulgado\u00a0hoje\u00a0(21). Foram registrados 18.508 novas pessoas infectadas por covid-19, totalizando 310.087. O resultado marcou um acr\u00e9scimo de 6,3% em rela\u00e7\u00e3o a\u00a0ontem, quando o n\u00famero de pessoas infectadas estava em 291.579.<\/p>\n<p>Do total de casos confirmados, 164.080 (53%) est\u00e3o em acompanhamento e\u00a0125.960 (40,6%) foram recuperados. H\u00e1 ainda 3.534 \u00f3bitos em investiga\u00e7\u00e3o.<\/p>\n<p>S\u00e3o Paulo se mant\u00e9m como epicentro da pandemia no pa\u00eds, concentrando o maior n\u00famero de falecimentos (5.558). O estado \u00e9 seguido pelo Rio\u00a0de Janeiro\u00a0(3.412), Cear\u00e1 (2.161), Pernambuco (1.925) e Par\u00e1 (1.852).<\/p>\n<p>Al\u00e9m disso, foram registradas mortes no Amazonas (1.620), Maranh\u00e3o (663), Bahia (376), Esp\u00edrito Santo (363), Alagoas (262), Para\u00edba (245), Minas Gerais (191), Rio Grande do Norte (178), Rio Grande do Sul (166), Amap\u00e1 (151), Paran\u00e1 (141),\u00a0Rond\u00f4nia (101),\u00a0Santa Catarina (98), Piau\u00ed (91), Goi\u00e1s (85), Acre (78), Distrito Federal (84), Sergipe (76), Roraima (72), Tocantins (47), Mato Grosso (34) e Mato Grosso do Sul (17).<\/p>\n<p>J\u00e1 em n\u00famero de casos confirmados, o\u00a0<em>ranking\u00a0<\/em>tem S\u00e3o Paulo (73.739), Rio\u00a0de Janeiro\u00a0(32.089), Cear\u00e1 (31.413), Amazonas (25.367) e Pernambuco (23.911). Entre as unidades da federa\u00e7\u00e3o com mais pessoas infectadas est\u00e3o ainda Par\u00e1 (19.756), Maranh\u00e3o (16.058), Bahia (11.941), Esp\u00edrito Santo (8.878) e\u00a0Para\u00edba\u00a0(6.238).<\/p>\n<p>&nbsp;<\/p>\n<p><strong>Fonte:\u00a0<\/strong>Ag\u00eancia Brasil<\/p>\n","protected":false},"excerpt":{"rendered":"<p>O Brasil supera mais uma vez o n\u00famero de mortes registradas em um dia, atingiu 1.188. Com este acr\u00e9scimo, o total chegou a 20.047. O resultado representou um aumento de 6,2% em rela\u00e7\u00e3o a\u00a0ontem(20), quando foram contabilizados 18.859 mil falecimentos por covid-19. O pa\u00eds\u00a0passou da casa dos 300 mil casos confirmados do novo coronav\u00edrus,\u00a0de acordo [&hellip;]<\/p>\n","protected":false},"author":96,"featured_media":160779,"comment_status":"closed","ping_status":"closed","sticky":false,"template":"","format":"standard","meta":{"footnotes":""},"categories":[302,436,440,439],"tags":[],"class_list":["post-160778","post","type-post","status-publish","format-standard","has-post-thumbnail","hentry","category-brasil-mundo","category-destaque-da-semana","category-destaques-do-dia","category-ultima-hora"],"_links":{"self":[{"href":"https:\/\/diarioregionaldigital.com.br\/index.php?rest_route=\/wp\/v2\/posts\/160778","targetHints":{"allow":["GET"]}}],"collection":[{"href":"https:\/\/diarioregionaldigital.com.br\/index.php?rest_route=\/wp\/v2\/posts"}],"about":[{"href":"https:\/\/diarioregionaldigital.com.br\/index.php?rest_route=\/wp\/v2\/types\/post"}],"author":[{"embeddable":true,"href":"https:\/\/diarioregionaldigital.com.br\/index.php?rest_route=\/wp\/v2\/users\/96"}],"replies":[{"embeddable":true,"href":"https:\/\/diarioregionaldigital.com.br\/index.php?rest_route=%2Fwp%2Fv2%2Fcomments&post=160778"}],"version-history":[{"count":0,"href":"https:\/\/diarioregionaldigital.com.br\/index.php?rest_route=\/wp\/v2\/posts\/160778\/revisions"}],"wp:featuredmedia":[{"embeddable":true,"href":"https:\/\/diarioregionaldigital.com.br\/index.php?rest_route=\/wp\/v2\/media\/160779"}],"wp:attachment":[{"href":"https:\/\/diarioregionaldigital.com.br\/index.php?rest_route=%2Fwp%2Fv2%2Fmedia&parent=160778"}],"wp:term":[{"taxonomy":"category","embeddable":true,"href":"https:\/\/diarioregionaldigital.com.br\/index.php?rest_route=%2Fwp%2Fv2%2Fcategories&post=160778"},{"taxonomy":"post_tag","embeddable":true,"href":"https:\/\/diarioregionaldigital.com.br\/index.php?rest_route=%2Fwp%2Fv2%2Ftags&post=160778"}],"curies":[{"name":"wp","href":"https:\/\/api.w.org\/{rel}","templated":true}]}}