{"id":160773,"date":"2020-05-21T19:03:21","date_gmt":"2020-05-21T22:03:21","guid":{"rendered":"https:\/\/diarioregionaldigital.com.br\/?p=160773"},"modified":"2020-05-21T19:03:21","modified_gmt":"2020-05-21T22:03:21","slug":"pjf-disponibiliza-dois-postos-especiais-de-vacinacao-contra-influenza-neste-sabado","status":"publish","type":"post","link":"https:\/\/diarioregionaldigital.com.br\/?p=160773","title":{"rendered":"PJF disponibiliza dois postos especiais de vacina\u00e7\u00e3o contra influenza neste s\u00e1bado"},"content":{"rendered":"<p>No pr\u00f3ximo s\u00e1bado, 23, a Prefeitura de Juiz de Fora (PJF), por meio do Setor de Imuniza\u00e7\u00e3o da Secretaria de Sa\u00fade (SS), montar\u00e1 dois postos especiais de vacina\u00e7\u00e3o contra a influenza. O Pronto Atendimento M\u00e9dico (PAM) Marechal ficar\u00e1 aberto de 9 horas \u00e0s 14h, sem intervalo, e disponibilizar\u00e1 vacina para crian\u00e7as de seis meses a menores de seis anos, gestantes e mulheres no p\u00f3s-parto (at\u00e9 45 dias).<\/p>\n<p>Al\u00e9m desse posto, em parceria com a Universidade Federal de Juiz de Fora (UFJF), a SS retomar\u00e1 com o \u201cdrive thru\u201d da imuniza\u00e7\u00e3o, que consiste em vacinar o p\u00fablico-alvo, sem que seja necess\u00e1rio sair do carro. Ali, o funcionamento ser\u00e1 de 8 \u00e0s 16 horas, para gestantes, mulheres no p\u00f3s-parto (at\u00e9 45 dias), pessoas com idade de 55 a 59 anos, idosos, doentes cr\u00f4nicos, professores das redes p\u00fablica e privada, profissionais de sa\u00fade, das for\u00e7as de seguran\u00e7a e salvamento e do transporte coletivo. Recomenda-se que esteja vestindo camisa de manga larga, para facilitar a aplica\u00e7\u00e3o, e que utilize m\u00e1scara, para cobrir a regi\u00e3o da boca e do nariz.<\/p>\n<p>Os motoristas de transporte coletivo dever\u00e3o apresentar, no ato da vacina\u00e7\u00e3o, sua carteira de habilita\u00e7\u00e3o, categoria D ou E, e os cobradores, a de trabalho. Os doentes cr\u00f4nicos levar\u00e3o a prescri\u00e7\u00e3o m\u00e9dica. Professores e profissionais das for\u00e7as de seguran\u00e7a e salvamento tamb\u00e9m precisam apresentar comprovante da fun\u00e7\u00e3o.<\/p>\n<p>Pessoas com quadro de s\u00edndrome gripal ou cumprindo quarentena por indica\u00e7\u00e3o m\u00e9dica n\u00e3o devem se vacinar.<\/p>\n<p><b>A vacina<\/b><\/p>\n<p>Trivalente, que protege contra os tr\u00eas subtipos do influenza: H1N1, H3N2 e B. Composta por v\u00edrus inativados, ou seja, mortos, \u00e9 segura. A dose \u00e9 contraindicada para pessoas que t\u00eam hist\u00f3rico de rea\u00e7\u00e3o grave anteriores ou alergia, tamb\u00e9m grave, a ovo de galinha. Esta vacina n\u00e3o imuniza contra a covid-19, doen\u00e7a causada pelo coronav\u00edrus.<\/p>\n<p>&nbsp;<\/p>\n<p><strong>Fonte:<\/strong>\u00a0Assessoria<\/p>\n","protected":false},"excerpt":{"rendered":"<p>No pr\u00f3ximo s\u00e1bado, 23, a Prefeitura de Juiz de Fora (PJF), por meio do Setor de Imuniza\u00e7\u00e3o da Secretaria de Sa\u00fade (SS), montar\u00e1 dois postos especiais de vacina\u00e7\u00e3o contra a influenza. O Pronto Atendimento M\u00e9dico (PAM) Marechal ficar\u00e1 aberto de 9 horas \u00e0s 14h, sem intervalo, e disponibilizar\u00e1 vacina para crian\u00e7as de seis meses a [&hellip;]<\/p>\n","protected":false},"author":96,"featured_media":160428,"comment_status":"closed","ping_status":"closed","sticky":false,"template":"","format":"standard","meta":{"footnotes":""},"categories":[253,436,439],"tags":[],"class_list":["post-160773","post","type-post","status-publish","format-standard","has-post-thumbnail","hentry","category-cidade","category-destaque-da-semana","category-ultima-hora"],"_links":{"self":[{"href":"https:\/\/diarioregionaldigital.com.br\/index.php?rest_route=\/wp\/v2\/posts\/160773","targetHints":{"allow":["GET"]}}],"collection":[{"href":"https:\/\/diarioregionaldigital.com.br\/index.php?rest_route=\/wp\/v2\/posts"}],"about":[{"href":"https:\/\/diarioregionaldigital.com.br\/index.php?rest_route=\/wp\/v2\/types\/post"}],"author":[{"embeddable":true,"href":"https:\/\/diarioregionaldigital.com.br\/index.php?rest_route=\/wp\/v2\/users\/96"}],"replies":[{"embeddable":true,"href":"https:\/\/diarioregionaldigital.com.br\/index.php?rest_route=%2Fwp%2Fv2%2Fcomments&post=160773"}],"version-history":[{"count":0,"href":"https:\/\/diarioregionaldigital.com.br\/index.php?rest_route=\/wp\/v2\/posts\/160773\/revisions"}],"wp:featuredmedia":[{"embeddable":true,"href":"https:\/\/diarioregionaldigital.com.br\/index.php?rest_route=\/wp\/v2\/media\/160428"}],"wp:attachment":[{"href":"https:\/\/diarioregionaldigital.com.br\/index.php?rest_route=%2Fwp%2Fv2%2Fmedia&parent=160773"}],"wp:term":[{"taxonomy":"category","embeddable":true,"href":"https:\/\/diarioregionaldigital.com.br\/index.php?rest_route=%2Fwp%2Fv2%2Fcategories&post=160773"},{"taxonomy":"post_tag","embeddable":true,"href":"https:\/\/diarioregionaldigital.com.br\/index.php?rest_route=%2Fwp%2Fv2%2Ftags&post=160773"}],"curies":[{"name":"wp","href":"https:\/\/api.w.org\/{rel}","templated":true}]}}