{"id":160770,"date":"2020-05-21T18:19:58","date_gmt":"2020-05-21T21:19:58","guid":{"rendered":"https:\/\/diarioregionaldigital.com.br\/?p=160770"},"modified":"2020-05-21T18:19:58","modified_gmt":"2020-05-21T21:19:58","slug":"autor-tenta-se-livrar-de-arma-de-fogo-mas-e-preso-pela-pm","status":"publish","type":"post","link":"https:\/\/diarioregionaldigital.com.br\/?p=160770","title":{"rendered":"Autor tenta se livrar de arma de fogo mas \u00e9 preso pela PM"},"content":{"rendered":"<p>A Pol\u00edcia Militar (PM), recebeu den\u00fancias de um morador que estaria efetuando disparos com arma de fogo, em um condom\u00ednio no Bairro Sagrado Cora\u00e7\u00e3o de Jesus em Juiz de Fora. Com informa\u00e7\u00f5es em m\u00e3os, os policiais foram at\u00e9 o local e durante a tentativa de abordagem, o autor notou a presen\u00e7a policial e imediatamente iniciou fuga do local e durante o ato, se livrou de uma arma de fogo, que foi arremessada nas imedia\u00e7\u00f5es.<\/p>\n<p>Durante o trajeto, o infrator ficou sem sa\u00edda e foi interceptado pelos policiais. Durante as buscas, a PM encontrou a arma que havia sido arremessada pelo suspeito, al\u00e9m de dois c<span style=\"font-weight: 400;\">artuchos intactos calibre 38,\u00a0<\/span><span style=\"font-weight: 400;\">15 pedras de crack, um\u00a0<\/span><span style=\"font-weight: 400;\">tablete e uma\u00a0<\/span><span style=\"font-weight: 400;\">barra de maconha,<\/span><span style=\"font-weight: 400;\">11 aparelhos celulares, nove<\/span><span style=\"font-weight: 400;\">\u00a0carregadores de celular, uma<\/span><span style=\"font-weight: 400;\">\u00a0corda com cesto para arremessar objetos sobre muros e\u00a0<\/span><span style=\"font-weight: 400;\">R$ 90,00 em dinheiro<\/span><span style=\"font-weight: 400;\">.<\/span><\/p>\n<p>Em relato \u00e0 PM, o autor diz que os\u00a0<span style=\"font-weight: 400;\">celulares e carregadores, bem como um tablete e uma barra de maconha, s\u00e3o de propriedade dele e afirmou que estava guardando para um amigo levar tais materiais a uma cadeia em Juiz de Fora, para seus comparsas do tr\u00e1fico. O autor foi preso em flagrante e conduzido para a Delegacia, junto com os materiais apreendidos.<\/span><\/p>\n","protected":false},"excerpt":{"rendered":"<p>A Pol\u00edcia Militar (PM), recebeu den\u00fancias de um morador que estaria efetuando disparos com arma de fogo, em um condom\u00ednio no Bairro Sagrado Cora\u00e7\u00e3o de Jesus em Juiz de Fora. Com informa\u00e7\u00f5es em m\u00e3os, os policiais foram at\u00e9 o local e durante a tentativa de abordagem, o autor notou a presen\u00e7a policial e imediatamente iniciou [&hellip;]<\/p>\n","protected":false},"author":96,"featured_media":160771,"comment_status":"closed","ping_status":"closed","sticky":false,"template":"","format":"standard","meta":{"footnotes":""},"categories":[301,436,439],"tags":[],"class_list":["post-160770","post","type-post","status-publish","format-standard","has-post-thumbnail","hentry","category-artigos-policiais","category-destaque-da-semana","category-ultima-hora"],"_links":{"self":[{"href":"https:\/\/diarioregionaldigital.com.br\/index.php?rest_route=\/wp\/v2\/posts\/160770","targetHints":{"allow":["GET"]}}],"collection":[{"href":"https:\/\/diarioregionaldigital.com.br\/index.php?rest_route=\/wp\/v2\/posts"}],"about":[{"href":"https:\/\/diarioregionaldigital.com.br\/index.php?rest_route=\/wp\/v2\/types\/post"}],"author":[{"embeddable":true,"href":"https:\/\/diarioregionaldigital.com.br\/index.php?rest_route=\/wp\/v2\/users\/96"}],"replies":[{"embeddable":true,"href":"https:\/\/diarioregionaldigital.com.br\/index.php?rest_route=%2Fwp%2Fv2%2Fcomments&post=160770"}],"version-history":[{"count":0,"href":"https:\/\/diarioregionaldigital.com.br\/index.php?rest_route=\/wp\/v2\/posts\/160770\/revisions"}],"wp:featuredmedia":[{"embeddable":true,"href":"https:\/\/diarioregionaldigital.com.br\/index.php?rest_route=\/wp\/v2\/media\/160771"}],"wp:attachment":[{"href":"https:\/\/diarioregionaldigital.com.br\/index.php?rest_route=%2Fwp%2Fv2%2Fmedia&parent=160770"}],"wp:term":[{"taxonomy":"category","embeddable":true,"href":"https:\/\/diarioregionaldigital.com.br\/index.php?rest_route=%2Fwp%2Fv2%2Fcategories&post=160770"},{"taxonomy":"post_tag","embeddable":true,"href":"https:\/\/diarioregionaldigital.com.br\/index.php?rest_route=%2Fwp%2Fv2%2Ftags&post=160770"}],"curies":[{"name":"wp","href":"https:\/\/api.w.org\/{rel}","templated":true}]}}