{"id":160768,"date":"2020-05-21T18:02:37","date_gmt":"2020-05-21T21:02:37","guid":{"rendered":"https:\/\/diarioregionaldigital.com.br\/?p=160768"},"modified":"2020-05-21T18:02:37","modified_gmt":"2020-05-21T21:02:37","slug":"boletim-covid-19-juiz-de-fora-registra-518-casos-confirmados-da-doenca","status":"publish","type":"post","link":"https:\/\/diarioregionaldigital.com.br\/?p=160768","title":{"rendered":"Boletim Covid-19 &#8211; Juiz de Fora registra 518 casos confirmados da doen\u00e7a"},"content":{"rendered":"<div id=\"box_texto_noticia\">A Secretaria de Sa\u00fade (SS) da Prefeitura de Juiz de Fora (PJF) confirmou nesta quinta-feira, 21, mais 13 casos de pessoas infectadas pelo novo coronav\u00edrus em Juiz de Fora, totalizando 518 confirmados.<\/p>\n<p>Nenhuma morte foi registra nesta quinta e seis \u00f3bitos est\u00e3o sendo investigados. O Boletim Epidemiol\u00f3gico tamb\u00e9m registrou 88 novas suspeitas, que contabiliza 3.895.<\/p>\n<p>Todos os dados s\u00e3o referentes a moradores de Juiz de Fora.<\/p>\n<p><b>Boletim desta quinta, 21<\/b><\/p>\n<p>&#8211; 3.895 suspeitos<br \/>\n&#8211; 518 confirmados<br \/>\n&#8211; 26 \u00f3bitos confirmados<br \/>\n&#8211; 6 \u00f3bitos em investiga\u00e7\u00e3o<\/p><\/div>\n<div><\/div>\n<div><strong>Fonte:\u00a0<\/strong>Assessoria<\/div>\n","protected":false},"excerpt":{"rendered":"<p>A Secretaria de Sa\u00fade (SS) da Prefeitura de Juiz de Fora (PJF) confirmou nesta quinta-feira, 21, mais 13 casos de pessoas infectadas pelo novo coronav\u00edrus em Juiz de Fora, totalizando 518 confirmados. Nenhuma morte foi registra nesta quinta e seis \u00f3bitos est\u00e3o sendo investigados. O Boletim Epidemiol\u00f3gico tamb\u00e9m registrou 88 novas suspeitas, que contabiliza 3.895. [&hellip;]<\/p>\n","protected":false},"author":96,"featured_media":157658,"comment_status":"closed","ping_status":"closed","sticky":false,"template":"","format":"standard","meta":{"footnotes":""},"categories":[253,436,440,439],"tags":[],"class_list":["post-160768","post","type-post","status-publish","format-standard","has-post-thumbnail","hentry","category-cidade","category-destaque-da-semana","category-destaques-do-dia","category-ultima-hora"],"_links":{"self":[{"href":"https:\/\/diarioregionaldigital.com.br\/index.php?rest_route=\/wp\/v2\/posts\/160768","targetHints":{"allow":["GET"]}}],"collection":[{"href":"https:\/\/diarioregionaldigital.com.br\/index.php?rest_route=\/wp\/v2\/posts"}],"about":[{"href":"https:\/\/diarioregionaldigital.com.br\/index.php?rest_route=\/wp\/v2\/types\/post"}],"author":[{"embeddable":true,"href":"https:\/\/diarioregionaldigital.com.br\/index.php?rest_route=\/wp\/v2\/users\/96"}],"replies":[{"embeddable":true,"href":"https:\/\/diarioregionaldigital.com.br\/index.php?rest_route=%2Fwp%2Fv2%2Fcomments&post=160768"}],"version-history":[{"count":0,"href":"https:\/\/diarioregionaldigital.com.br\/index.php?rest_route=\/wp\/v2\/posts\/160768\/revisions"}],"wp:featuredmedia":[{"embeddable":true,"href":"https:\/\/diarioregionaldigital.com.br\/index.php?rest_route=\/wp\/v2\/media\/157658"}],"wp:attachment":[{"href":"https:\/\/diarioregionaldigital.com.br\/index.php?rest_route=%2Fwp%2Fv2%2Fmedia&parent=160768"}],"wp:term":[{"taxonomy":"category","embeddable":true,"href":"https:\/\/diarioregionaldigital.com.br\/index.php?rest_route=%2Fwp%2Fv2%2Fcategories&post=160768"},{"taxonomy":"post_tag","embeddable":true,"href":"https:\/\/diarioregionaldigital.com.br\/index.php?rest_route=%2Fwp%2Fv2%2Ftags&post=160768"}],"curies":[{"name":"wp","href":"https:\/\/api.w.org\/{rel}","templated":true}]}}