{"id":160762,"date":"2020-05-21T17:39:32","date_gmt":"2020-05-21T20:39:32","guid":{"rendered":"https:\/\/diarioregionaldigital.com.br\/?p=160762"},"modified":"2020-05-21T17:39:32","modified_gmt":"2020-05-21T20:39:32","slug":"romeu-zema-participa-de-reuniao-virtual-com-presidente-jair-bolsonaro-sobre-ajuda-aos-estados","status":"publish","type":"post","link":"https:\/\/diarioregionaldigital.com.br\/?p=160762","title":{"rendered":"Romeu Zema participa de reuni\u00e3o virtual com presidente Jair Bolsonaro sobre ajuda aos estados"},"content":{"rendered":"<p>O governador Romeu Zema participou na manh\u00e3 desta quinta-feira (21) de uma reuni\u00e3o, por videoconfer\u00eancia, com o presidente da Rep\u00fablica, Jair Bolsonaro, e os demais governadores das unidades federativas para debater a san\u00e7\u00e3o do projeto de socorro federal de R$ 60 bilh\u00f5es a estados e munic\u00edpios devido \u00e0 crise do coronav\u00edrus. Tamb\u00e9m participaram do debate o presidente do Senado, Davi Alcolumbre, o presidente da C\u00e2mara Federal, Rodrigo Maia, e ministros de Estado.<\/p>\n<p>Jair Bolsonaro defendeu o trabalho em conjunto com os governadores para a aprova\u00e7\u00e3o da medida.<\/p>\n<p>\u201cO motivo dessa pauta \u00e9 falar para os senhores, porque temos que trabalhar em conjunto a san\u00e7\u00e3o de um projeto, um socorro aos senhores governadores de aproximadamente R$ 60 bilh\u00f5es, tamb\u00e9m extensivo a prefeitos\u201d, disse o presidente.<\/p>\n<p>De acordo com a proposta, Minas Gerais ter\u00e1 direito a receber quatro parcelas de R$ 750 milh\u00f5es. Os governadores solicitaram ao presidente que a primeira parte seja repassada aos estados ainda em maio. Outros R$ 446 milh\u00f5es ser\u00e3o repassados e estar\u00e3o vinculados \u00e0 Sa\u00fade para o enfrentamento ao coronav\u00edrus.<\/p>\n<div class=\"clear \">\n<p>Romeu Zema falou sobre a import\u00e2ncia do recurso para Minas e destacou que o momento \u00e9 de uni\u00e3o, mas lembrou que o montante ainda n\u00e3o ser\u00e1 suficiente para resolver a crise fiscal do Estado.<\/p>\n<p>\u201cEstamos discutindo sobre a ajuda financeira aos estados com contrapartidas. Temos certeza de que vamos construir um consenso. O recurso n\u00e3o resolve o problema de Minas, mas ajuda. \u00c9 hora de compreens\u00e3o, solidariedade e uni\u00e3o em prol de todos os mineiros\u201d, afirmou.<\/p>\n<p><strong>Veto<\/strong><\/p>\n<p>Entre as discuss\u00f5es estava a manuten\u00e7\u00e3o do veto \u00e0 possibilidade de reajustes para servidores p\u00fablicos da Uni\u00e3o, Estados e munic\u00edpios at\u00e9 o final de 2021. A medida tem apoio dos governadores. A expectativa \u00e9 de que o projeto seja sancionado ainda nesta quinta-feira (21\/5).<\/p>\n<p>\u201cEm comum acordo com os Poderes, n\u00f3s chegamos \u00e0 conclus\u00e3o de que, congelando a remunera\u00e7\u00e3o, os proventos tamb\u00e9m dos servidores at\u00e9 o final do ano que vem, esse peso seria menor, mas de extrema import\u00e2ncia para todos n\u00f3s. \u00c9 bom para o servidor, porque o rem\u00e9dio \u00e9 menos amargo, mas \u00e9 de extrema import\u00e2ncia para todos os 210 milh\u00f5es de habitantes\u201d, concluiu o presidente Bolsonaro.<\/p>\n<\/div>\n<p>&nbsp;<\/p>\n<p><strong>Fonte:\u00a0<\/strong>Ag\u00eancia Minas<\/p>\n","protected":false},"excerpt":{"rendered":"<p>O governador Romeu Zema participou na manh\u00e3 desta quinta-feira (21) de uma reuni\u00e3o, por videoconfer\u00eancia, com o presidente da Rep\u00fablica, Jair Bolsonaro, e os demais governadores das unidades federativas para debater a san\u00e7\u00e3o do projeto de socorro federal de R$ 60 bilh\u00f5es a estados e munic\u00edpios devido \u00e0 crise do coronav\u00edrus. Tamb\u00e9m participaram do debate [&hellip;]<\/p>\n","protected":false},"author":96,"featured_media":160763,"comment_status":"closed","ping_status":"closed","sticky":false,"template":"","format":"standard","meta":{"footnotes":""},"categories":[436,254,439],"tags":[],"class_list":["post-160762","post","type-post","status-publish","format-standard","has-post-thumbnail","hentry","category-destaque-da-semana","category-politica","category-ultima-hora"],"_links":{"self":[{"href":"https:\/\/diarioregionaldigital.com.br\/index.php?rest_route=\/wp\/v2\/posts\/160762","targetHints":{"allow":["GET"]}}],"collection":[{"href":"https:\/\/diarioregionaldigital.com.br\/index.php?rest_route=\/wp\/v2\/posts"}],"about":[{"href":"https:\/\/diarioregionaldigital.com.br\/index.php?rest_route=\/wp\/v2\/types\/post"}],"author":[{"embeddable":true,"href":"https:\/\/diarioregionaldigital.com.br\/index.php?rest_route=\/wp\/v2\/users\/96"}],"replies":[{"embeddable":true,"href":"https:\/\/diarioregionaldigital.com.br\/index.php?rest_route=%2Fwp%2Fv2%2Fcomments&post=160762"}],"version-history":[{"count":0,"href":"https:\/\/diarioregionaldigital.com.br\/index.php?rest_route=\/wp\/v2\/posts\/160762\/revisions"}],"wp:featuredmedia":[{"embeddable":true,"href":"https:\/\/diarioregionaldigital.com.br\/index.php?rest_route=\/wp\/v2\/media\/160763"}],"wp:attachment":[{"href":"https:\/\/diarioregionaldigital.com.br\/index.php?rest_route=%2Fwp%2Fv2%2Fmedia&parent=160762"}],"wp:term":[{"taxonomy":"category","embeddable":true,"href":"https:\/\/diarioregionaldigital.com.br\/index.php?rest_route=%2Fwp%2Fv2%2Fcategories&post=160762"},{"taxonomy":"post_tag","embeddable":true,"href":"https:\/\/diarioregionaldigital.com.br\/index.php?rest_route=%2Fwp%2Fv2%2Ftags&post=160762"}],"curies":[{"name":"wp","href":"https:\/\/api.w.org\/{rel}","templated":true}]}}