{"id":160727,"date":"2020-05-21T13:40:11","date_gmt":"2020-05-21T16:40:11","guid":{"rendered":"https:\/\/diarioregionaldigital.com.br\/?p=160727"},"modified":"2020-05-21T13:40:11","modified_gmt":"2020-05-21T16:40:11","slug":"vereador-cobra-fortalecimento-das-unidades-basicas-de-saude-no-enfrentamento-a-covid-19","status":"publish","type":"post","link":"https:\/\/diarioregionaldigital.com.br\/?p=160727","title":{"rendered":"Vereador cobra fortalecimento das Unidades B\u00e1sicas de Sa\u00fade no enfrentamento \u00e0 COVID-19"},"content":{"rendered":"<p>As Unidades B\u00e1sicas de Sa\u00fade (UBS) do munic\u00edpio s\u00e3o indicadas pelo Minist\u00e9rio da Sa\u00fade (MS) como porta de entrada para pacientes com s\u00edndrome gripal e respons\u00e1veis pelo monitoramento de isolamento de pacientes com suspeita da COVID-19 ou com sintomas leves da doen\u00e7a, de acordo com protocolos e fluxogramas de atendimento do MS. Entretanto, uma pesquisa realizada pelo vereador Sargento Mello Casal (PTB), entre os dias 7 e 15 de maio em 11 UBS e apresentada no Plen\u00e1rio da C\u00e2mara Municipal, aferiu que dados referentes a pacientes que foram atendidos na rede de urg\u00eancia e emerg\u00eancia ou em hospitais apresentando suspeita ou confirma\u00e7\u00e3o da COVID-19 com sintomas leves e recomenda\u00e7\u00e3o de isolamento domiciliar n\u00e3o estavam sendo repassados \u00e0s unidades.<\/p>\n<p>A pesquisa foi realizada ap\u00f3s divulga\u00e7\u00e3o no Jornal Tribuna de Minas, em 6 de maio, de uma planilha sobre pacientes com suspeita de contamina\u00e7\u00e3o pelo novo Coronav\u00edrus em cada bairro do munic\u00edpio. \u201cFomos aos postos verificar se esses dados estavam chegando e n\u00e3o estavam. Isso dificulta o trabalho dos profissionais de sa\u00fade na ponta da linha no monitoramento desses pacientes em isolamento e suas fam\u00edlias, o que pode contribuir para maior dissemina\u00e7\u00e3o do v\u00edrus. \u00c9 preciso rever esse fluxo de informa\u00e7\u00f5es para garantir o direito do cidad\u00e3o \u00e0 sa\u00fade\u201d, afirmou o vereador. Outro fator apontado na pesquisa \u00e9 o funcionamento, ainda em meio expediente, das UBS localizadas na zona rural, devido ao agravante\u00a0 de o transporte p\u00fablico ter sofrido redu\u00e7\u00e3o no n\u00famero de viagens, o que\u00a0 dificulta o acesso \u00e0 sa\u00fade. Verificou-se tamb\u00e9m que nas unidades pesquisadas o acompanhamento de pacientes que procuraram diretamente as UBS com sintomas leves de s\u00edndrome gripal s\u00e3o feitas de acordo com o que determina o protocolo do Minist\u00e9rio da Sa\u00fade.<\/p>\n<p>O parlamentar informou que a pesquisa foi levada ao secret\u00e1rio de sa\u00fade, Rodrigo Almeida, que reconheceu a falha no fluxo de informa\u00e7\u00f5es \u00e0s UBS e garantiu que est\u00e3o finalizando os ajustes para que os postos possam monitorar com qualidade e seguran\u00e7a os pacientes diagnosticados no munic\u00edpio com s\u00edndrome gripal\/ suspeita de COVID-19 em isolamento. Ele tamb\u00e9m informou que est\u00e1 em fase final a contrata\u00e7\u00e3o de 163 agentes de sa\u00fade para atua\u00e7\u00e3o nos postos tradicionais e \u00e1reas descobertas, al\u00e9m da previs\u00e3o de mais 201 leitos de UTI na rede SUS e particular. Atualmente h\u00e1 137 leitos de UTI dispon\u00edveis.<\/p>\n<p>O vereador ainda formalizou em requerimento \u00e0 prefeitura solicita\u00e7\u00e3o para que seja realizado um estudo no sentido de realocar funcion\u00e1rios administrativos de outras secretarias para apoio na Secretaria de Sa\u00fade (SS); e que os m\u00e9dicos, dentistas, enfermeiros e t\u00e9cnicos em enfermagem que estejam exercendo fun\u00e7\u00e3o administrativa na SS sejam colocados \u00e0 disposi\u00e7\u00e3o para apoio nas atividades fins.<\/p>\n<p>A pesquisa foi realizada nas UBS de Grama, Linhares, Marumbi, Nossa Senhora das Gra\u00e7as, Parque Guarani, Progresso, S\u00e3o Pedro, Paula Lima, Chap\u00e9u D\u2019Uvas, Bandeirantes e Jardim Esperan\u00e7a.<\/p>\n<p>&nbsp;<\/p>\n<p><strong>Fonte:\u00a0<\/strong>Assessoria<\/p>\n","protected":false},"excerpt":{"rendered":"<p>As Unidades B\u00e1sicas de Sa\u00fade (UBS) do munic\u00edpio s\u00e3o indicadas pelo Minist\u00e9rio da Sa\u00fade (MS) como porta de entrada para pacientes com s\u00edndrome gripal e respons\u00e1veis pelo monitoramento de isolamento de pacientes com suspeita da COVID-19 ou com sintomas leves da doen\u00e7a, de acordo com protocolos e fluxogramas de atendimento do MS. Entretanto, uma pesquisa [&hellip;]<\/p>\n","protected":false},"author":96,"featured_media":160728,"comment_status":"closed","ping_status":"closed","sticky":false,"template":"","format":"standard","meta":{"footnotes":""},"categories":[253,436,440,439],"tags":[],"class_list":["post-160727","post","type-post","status-publish","format-standard","has-post-thumbnail","hentry","category-cidade","category-destaque-da-semana","category-destaques-do-dia","category-ultima-hora"],"_links":{"self":[{"href":"https:\/\/diarioregionaldigital.com.br\/index.php?rest_route=\/wp\/v2\/posts\/160727","targetHints":{"allow":["GET"]}}],"collection":[{"href":"https:\/\/diarioregionaldigital.com.br\/index.php?rest_route=\/wp\/v2\/posts"}],"about":[{"href":"https:\/\/diarioregionaldigital.com.br\/index.php?rest_route=\/wp\/v2\/types\/post"}],"author":[{"embeddable":true,"href":"https:\/\/diarioregionaldigital.com.br\/index.php?rest_route=\/wp\/v2\/users\/96"}],"replies":[{"embeddable":true,"href":"https:\/\/diarioregionaldigital.com.br\/index.php?rest_route=%2Fwp%2Fv2%2Fcomments&post=160727"}],"version-history":[{"count":0,"href":"https:\/\/diarioregionaldigital.com.br\/index.php?rest_route=\/wp\/v2\/posts\/160727\/revisions"}],"wp:featuredmedia":[{"embeddable":true,"href":"https:\/\/diarioregionaldigital.com.br\/index.php?rest_route=\/wp\/v2\/media\/160728"}],"wp:attachment":[{"href":"https:\/\/diarioregionaldigital.com.br\/index.php?rest_route=%2Fwp%2Fv2%2Fmedia&parent=160727"}],"wp:term":[{"taxonomy":"category","embeddable":true,"href":"https:\/\/diarioregionaldigital.com.br\/index.php?rest_route=%2Fwp%2Fv2%2Fcategories&post=160727"},{"taxonomy":"post_tag","embeddable":true,"href":"https:\/\/diarioregionaldigital.com.br\/index.php?rest_route=%2Fwp%2Fv2%2Ftags&post=160727"}],"curies":[{"name":"wp","href":"https:\/\/api.w.org\/{rel}","templated":true}]}}