{"id":160721,"date":"2020-05-21T11:22:44","date_gmt":"2020-05-21T14:22:44","guid":{"rendered":"https:\/\/diarioregionaldigital.com.br\/?p=160721"},"modified":"2020-05-21T11:22:44","modified_gmt":"2020-05-21T14:22:44","slug":"macrorregioes-norte-e-centro-sul-avancam-para-onda-branca-do-programa-minas-consciente","status":"publish","type":"post","link":"https:\/\/diarioregionaldigital.com.br\/?p=160721","title":{"rendered":"Macrorregi\u00f5es Norte e Centro-Sul avan\u00e7am para onda branca do programa Minas Consciente"},"content":{"rendered":"<p>As macrorregi\u00f5es de Sa\u00fade\u00a0Norte\u00a0e\u00a0Centro-Sul, que abrangem 137 munic\u00edpios, evolu\u00edram da onda verde para a onda branca do programa\u00a0Minas Consciente. Desta forma, as cidades poder\u00e3o retomar algumas das atividades econ\u00f4micas de baixo risco, como o com\u00e9rcio de produtos agr\u00edcolas, floriculturas, artigos esportivos, jogos eletr\u00f4nicos e autoescolas. O programa prev\u00ea a reativa\u00e7\u00e3o econ\u00f4mica no estado de forma segura, gradual e progressiva, prezando pela sa\u00fade dos mineiros durante a pandemia do coronav\u00edrus.<\/p>\n<p>O avan\u00e7o nas regi\u00f5es foi definido durante reuni\u00e3o do Comit\u00ea Extraordin\u00e1rio Covid-19, na tarde desta quarta-feira (20\/5), ap\u00f3s an\u00e1lise da evolu\u00e7\u00e3o da doen\u00e7a no estado e a capacidade de atendimento em cada uma das regi\u00f5es. Foi constatado que o controle do n\u00famero de casos de infectados e o \u00edndice de ocupa\u00e7\u00e3o dos leitos nessas localidades est\u00e1 sob controle. Com isso, as macrorregi\u00f5es de Sa\u00fade\u00a0Norte\u00a0e\u00a0Centro-Sul\u00a0se juntam as do\u00a0Centro,\u00a0Noroeste\u00a0e\u00a0Leste do Sul\u00a0na onda branca.<\/p>\n<p>Das 14 macrorregi\u00f5es da Sa\u00fade, nove (Nordeste,\u00a0Jequitinhonha,\u00a0Leste,\u00a0Vale do A\u00e7o,\u00a0Sudeste,\u00a0Sul,\u00a0Oeste,\u00a0Tri\u00e2ngulo do Sul\u00a0e\u00a0Tri\u00e2ngulo do Norte) continuam sendo orientadas a seguir os protocolos previstos na onda verde, onde somente as atividades consideradas essenciais podem funcionar, como farm\u00e1cias, padarias, supermercados e bancos.<\/p>\n<p><strong>Resultados<\/strong><\/p>\n<p>O governador Romeu Zema reafirmou que o trabalho realizado pelo governo tem alcan\u00e7ado resultados importantes no controle da pandemia. Minas Gerais \u00e9, atualmente, o segundo estado com o menor \u00edndice de mortalidade pela doen\u00e7a a cada cem mil habitantes. Desde o in\u00edcio desta semana, o governador se reuniu com dezenas de prefeitos para ouvir as demandas para enfrentamento \u00e0 pandemia e conhecer a realidade dos munic\u00edpios.<\/p>\n<p>\u201cFiz quest\u00e3o de conversar com os prefeitos. Tudo precisa ser muito bem observado e acompanhado, principalmente quando se diz a quest\u00f5es din\u00e2micas como a do coronav\u00edrus. \u00c9 muito bom entender a situa\u00e7\u00e3o de cada cidade para agirmos e decidirmos da melhor forma. Atualmente, temos 7% dos nossos leitos ocupados por suspeitos ou casos confirmados do coronav\u00edrus. \u00c9 uma situa\u00e7\u00e3o que nos deixa com uma boa margem de seguran\u00e7a\u201d, afirmou o governador. Segundo ele, este cen\u00e1rio tem permitido o avan\u00e7o do programa Minas Consciente.<\/p>\n<p>Romeu Zema ainda destacou algumas das a\u00e7\u00f5es de estrutura\u00e7\u00e3o do estado para o combate ao coronav\u00edrus, como a amplia\u00e7\u00e3o de leitos.<\/p>\n<p>\u201cN\u00f3s conseguimos, nesta semana, implantar mais 288 leitos de UTI no estado, a maioria no interior, o que significa mais um colch\u00e3o de seguran\u00e7a caso seja necess\u00e1rio. Durante as reuni\u00f5es com os prefeitos pude observar que em nenhuma regi\u00e3o de Minas existe falta de tratamento para quem procura a rede hospitalar. Em todas as regi\u00f5es, mesmo naquelas onde h\u00e1 menor propor\u00e7\u00e3o de leitos por habitante, a situa\u00e7\u00e3o hoje ainda est\u00e1 controlada\u201d, disse o governador. Com este novo incremento, j\u00e1 s\u00e3o 656 leitos reativados em todas as regi\u00f5es mineiras, totalizando 2.669 leitos de UTI na rede SUS estadual.<\/p>\n<p>Zema tamb\u00e9m ressaltou a constru\u00e7\u00e3o coletiva do programa que, al\u00e9m das secretarias de Estado, For\u00e7as de Seguran\u00e7a e demais \u00f3rg\u00e3os estaduais, conta com a participa\u00e7\u00e3o de outras institui\u00e7\u00f5es, como o Minist\u00e9rio P\u00fablico de Minas Gerais (MPMG), o Minist\u00e9rio P\u00fablico do Trabalho (MPT), o Tribunal de Contas do Estado (TCE) e a Defensoria P\u00fablica de Minas Gerais (DPMG).<\/p>\n<p><strong>O programa<\/strong><\/p>\n<p>Elaborado pelo governo estadual, o programa Minas Consciente setoriza as atividades econ\u00f4micas em quatro \u201condas\u201d (onda verde \u2013 servi\u00e7os essenciais; onda branca \u2013 baixo risco; onda amarela \u2013 m\u00e9dio risco; onda vermelha \u2013 alto risco), a serem liberadas para funcionamento de forma progressiva, conforme indicadores de capacidade assistencial e de propaga\u00e7\u00e3o da doen\u00e7a.<\/p>\n<p>O programa tem objetivo de orientar as prefeituras. Ficar\u00e1 a crit\u00e9rio de cada prefeito aderir e seguir os protocolos em seu munic\u00edpio. Os empres\u00e1rios que desejam reativar seus estabelecimentos devem consultar se a prefeitura local aderiu ao programa e seguir as orienta\u00e7\u00f5es da\u00a0Secretaria de Estado de Sa\u00fade (SES-MG). At\u00e9 o dia 20 de maio, 33\u00a0prefeituras j\u00e1 tinham oficializado a ades\u00e3o ao programa, abrangendo um total de 1,48\u00a0milh\u00e3o de habitantes.<\/p>\n<p>Para a avalia\u00e7\u00e3o das ondas s\u00e3o analisados os dados fornecidos pela Sala de Situa\u00e7\u00e3o da Secretaria de Estado de Sa\u00fade, que realiza o monitoramento constante dos munic\u00edpios mineiros. S\u00e3o feitas atualiza\u00e7\u00e3o di\u00e1rias (dados epidemiol\u00f3gicos, leitos e ocupa\u00e7\u00e3o) e semanais (curvas de tend\u00eancia global e regional), que permitem analisar a situa\u00e7\u00e3o de cada macrorregi\u00e3o e os impactos de uma poss\u00edvel reabertura para o sistema de sa\u00fade local.<\/p>\n<p>Com base nessas informa\u00e7\u00f5es, foram definidos dois indicadores que mostram se o quadro da regi\u00e3o \u00e9 favor\u00e1vel \u00e0 reabertura de novos setores nas macrorregi\u00f5es Centro-Sul e Norte: rela\u00e7\u00e3o entre a incid\u00eancia de casos confirmados e a propor\u00e7\u00e3o de leitos ocupados; e a m\u00e9dia de tempo para atendimento \u00e0s solicita\u00e7\u00f5es de interna\u00e7\u00f5es em leitos de UTI.<\/p>\n<p><strong>Onda Branca<\/strong><\/p>\n<p>Al\u00e9m das macrorregi\u00f5es de Sa\u00fade Norte e Centro-Sul, que evolu\u00edram para a onda branca, as do Centro, Leste do Sul e Noroeste que j\u00e1 haviam progredido para o mesmo est\u00e1gio continuam apresentando taxas controladas da doen\u00e7a e, por isso, podem manter os protocolos mais flex\u00edveis.<\/p>\n<p>Vale lembrar que, para a reabertura segura, os comerciantes devem seguir os protocolos do programa Minas Consciente. Algumas das orienta\u00e7\u00f5es s\u00e3o que os estabelecimentos tenham meios para higieniza\u00e7\u00e3o das m\u00e3os com \u00e1gua e sab\u00e3o ou \u00e1lcool em gel 70%. Eles tamb\u00e9m devem fornecer Equipamentos de Prote\u00e7\u00e3o Individual adequados para a atividade exercida e providenciar barreira de prote\u00e7\u00e3o f\u00edsica quando os funcion\u00e1rios estiverem em contato com o cliente.<\/p>\n<p><strong>Onda Verde<\/strong><\/p>\n<p>As regi\u00f5es Nordeste, Jequitinhonha, Leste, Vale do A\u00e7o, Sudeste, Sul, Oeste, Tri\u00e2ngulo do Sul e Tri\u00e2ngulo do Norte ainda n\u00e3o apresentam \u00edndices favor\u00e1veis para a retomada de novos setores econ\u00f4micos, j\u00e1 que a rela\u00e7\u00e3o entre o n\u00famero de leitos e a incid\u00eancia de novos casos, al\u00e9m do tempo m\u00e9dio para interna\u00e7\u00e3o ap\u00f3s solicita\u00e7\u00e3o, n\u00e3o permitem uma folga confi\u00e1vel caso o n\u00famero de casos cres\u00e7a em decorr\u00eancia da reabertura de novos estabelecimentos.<\/p>\n<p>Por isso, a orienta\u00e7\u00e3o \u00e9 que os munic\u00edpios dessas regi\u00f5es continuem seguindo os protocolos previstos na onda verde, para preservar a sa\u00fade da popula\u00e7\u00e3o e a capacidade de atendimento do sistema de sa\u00fade local.<\/p>\n<p>&nbsp;<\/p>\n<p><strong>Fonte:\u00a0<\/strong>Ag\u00eancia Minas<\/p>\n","protected":false},"excerpt":{"rendered":"<p>As macrorregi\u00f5es de Sa\u00fade\u00a0Norte\u00a0e\u00a0Centro-Sul, que abrangem 137 munic\u00edpios, evolu\u00edram da onda verde para a onda branca do programa\u00a0Minas Consciente. Desta forma, as cidades poder\u00e3o retomar algumas das atividades econ\u00f4micas de baixo risco, como o com\u00e9rcio de produtos agr\u00edcolas, floriculturas, artigos esportivos, jogos eletr\u00f4nicos e autoescolas. O programa prev\u00ea a reativa\u00e7\u00e3o econ\u00f4mica no estado de forma [&hellip;]<\/p>\n","protected":false},"author":96,"featured_media":160722,"comment_status":"closed","ping_status":"closed","sticky":false,"template":"","format":"standard","meta":{"footnotes":""},"categories":[436,252,439],"tags":[],"class_list":["post-160721","post","type-post","status-publish","format-standard","has-post-thumbnail","hentry","category-destaque-da-semana","category-regiao","category-ultima-hora"],"_links":{"self":[{"href":"https:\/\/diarioregionaldigital.com.br\/index.php?rest_route=\/wp\/v2\/posts\/160721","targetHints":{"allow":["GET"]}}],"collection":[{"href":"https:\/\/diarioregionaldigital.com.br\/index.php?rest_route=\/wp\/v2\/posts"}],"about":[{"href":"https:\/\/diarioregionaldigital.com.br\/index.php?rest_route=\/wp\/v2\/types\/post"}],"author":[{"embeddable":true,"href":"https:\/\/diarioregionaldigital.com.br\/index.php?rest_route=\/wp\/v2\/users\/96"}],"replies":[{"embeddable":true,"href":"https:\/\/diarioregionaldigital.com.br\/index.php?rest_route=%2Fwp%2Fv2%2Fcomments&post=160721"}],"version-history":[{"count":0,"href":"https:\/\/diarioregionaldigital.com.br\/index.php?rest_route=\/wp\/v2\/posts\/160721\/revisions"}],"wp:featuredmedia":[{"embeddable":true,"href":"https:\/\/diarioregionaldigital.com.br\/index.php?rest_route=\/wp\/v2\/media\/160722"}],"wp:attachment":[{"href":"https:\/\/diarioregionaldigital.com.br\/index.php?rest_route=%2Fwp%2Fv2%2Fmedia&parent=160721"}],"wp:term":[{"taxonomy":"category","embeddable":true,"href":"https:\/\/diarioregionaldigital.com.br\/index.php?rest_route=%2Fwp%2Fv2%2Fcategories&post=160721"},{"taxonomy":"post_tag","embeddable":true,"href":"https:\/\/diarioregionaldigital.com.br\/index.php?rest_route=%2Fwp%2Fv2%2Ftags&post=160721"}],"curies":[{"name":"wp","href":"https:\/\/api.w.org\/{rel}","templated":true}]}}