{"id":160711,"date":"2020-05-21T10:51:13","date_gmt":"2020-05-21T13:51:13","guid":{"rendered":"https:\/\/diarioregionaldigital.com.br\/?p=160711"},"modified":"2020-05-21T10:51:13","modified_gmt":"2020-05-21T13:51:13","slug":"proposta-permite-criacao-de-programa-de-beneficio-a-profissionais-de-saude","status":"publish","type":"post","link":"https:\/\/diarioregionaldigital.com.br\/?p=160711","title":{"rendered":"Proposta permite cria\u00e7\u00e3o de programa de benef\u00edcio a profissionais de sa\u00fade"},"content":{"rendered":"<p><span style=\"font-weight: 400;\">O Projeto de Lei 1826\/20 autoriza o Executivo a criar programa de benef\u00edcio aos profissionais de sa\u00fade que atuam no combate \u00e0 pandemia de Covid-19 pelo Sistema \u00danico de Sa\u00fade (SUS).<\/span><\/p>\n<p><span style=\"font-weight: 400;\">A proposta, dos deputados Reginaldo Lopes (PT-MG) e Fernanda Melchionna (Psol-RS), tramita na C\u00e2mara dos Deputados.<\/span><\/p>\n<p><span style=\"font-weight: 400;\">Pelo texto, o programa dever\u00e1 garantir seguro de vida com pr\u00eamio de R$ 200 mil a ser contratado pelo Minist\u00e9rio da Sa\u00fade. Al\u00e9m disso, o profissional de sa\u00fade atuante no SUS que tiver sido contaminado pelo novo coronav\u00edrus receber\u00e1 um aux\u00edlio por atividade de risco de um sal\u00e1rio m\u00ednimo (R$ 1.045) por dois meses consecutivos.<\/span><\/p>\n<p><span style=\"font-weight: 400;\">O projeto tamb\u00e9m garante a profissionais de sa\u00fade convocados a trabalhar em unidade do SUS um sal\u00e1rio compat\u00edvel com o piso estadual de cada categoria. Esses profissionais convocados tamb\u00e9m ter\u00e3o direito ao seguro de vida e ao aux\u00edlio por atividade de risco.<\/span><\/p>\n<p><span style=\"font-weight: 400;\">O benef\u00edcio, segundo o texto, poder\u00e1 ser prorrogado pelo tempo necess\u00e1rio.<\/span><\/p>\n<p><span style=\"font-weight: 400;\">Segundo os autores da proposta, os profissionais de sa\u00fade na linha de frente precisam de reconhecimento n\u00e3o s\u00f3 por meio de aplausos, \u201cmas com um m\u00ednimo de seguran\u00e7a financeira e de direitos\u201d para poder exercer sua atividade com amparo do governo. \u201cEstes profissionais t\u00eam sido v\u00edtimas deste v\u00edrus em uma propor\u00e7\u00e3o bem maior que em outras atividades, justamente por estarem em contato direto com os pacientes infectados\u201d, afirmaram Lopes e Melchionna na justificativa ao projeto.<\/span><\/p>\n<p>&nbsp;<\/p>\n<p><strong>Fonte:<\/strong>\u00a0Ag\u00eancia C\u00e2mara<\/p>\n","protected":false},"excerpt":{"rendered":"<p>O Projeto de Lei 1826\/20 autoriza o Executivo a criar programa de benef\u00edcio aos profissionais de sa\u00fade que atuam no combate \u00e0 pandemia de Covid-19 pelo Sistema \u00danico de Sa\u00fade (SUS). A proposta, dos deputados Reginaldo Lopes (PT-MG) e Fernanda Melchionna (Psol-RS), tramita na C\u00e2mara dos Deputados. Pelo texto, o programa dever\u00e1 garantir seguro de [&hellip;]<\/p>\n","protected":false},"author":96,"featured_media":160712,"comment_status":"closed","ping_status":"closed","sticky":false,"template":"","format":"standard","meta":{"footnotes":""},"categories":[436,254,439],"tags":[],"class_list":["post-160711","post","type-post","status-publish","format-standard","has-post-thumbnail","hentry","category-destaque-da-semana","category-politica","category-ultima-hora"],"_links":{"self":[{"href":"https:\/\/diarioregionaldigital.com.br\/index.php?rest_route=\/wp\/v2\/posts\/160711","targetHints":{"allow":["GET"]}}],"collection":[{"href":"https:\/\/diarioregionaldigital.com.br\/index.php?rest_route=\/wp\/v2\/posts"}],"about":[{"href":"https:\/\/diarioregionaldigital.com.br\/index.php?rest_route=\/wp\/v2\/types\/post"}],"author":[{"embeddable":true,"href":"https:\/\/diarioregionaldigital.com.br\/index.php?rest_route=\/wp\/v2\/users\/96"}],"replies":[{"embeddable":true,"href":"https:\/\/diarioregionaldigital.com.br\/index.php?rest_route=%2Fwp%2Fv2%2Fcomments&post=160711"}],"version-history":[{"count":0,"href":"https:\/\/diarioregionaldigital.com.br\/index.php?rest_route=\/wp\/v2\/posts\/160711\/revisions"}],"wp:featuredmedia":[{"embeddable":true,"href":"https:\/\/diarioregionaldigital.com.br\/index.php?rest_route=\/wp\/v2\/media\/160712"}],"wp:attachment":[{"href":"https:\/\/diarioregionaldigital.com.br\/index.php?rest_route=%2Fwp%2Fv2%2Fmedia&parent=160711"}],"wp:term":[{"taxonomy":"category","embeddable":true,"href":"https:\/\/diarioregionaldigital.com.br\/index.php?rest_route=%2Fwp%2Fv2%2Fcategories&post=160711"},{"taxonomy":"post_tag","embeddable":true,"href":"https:\/\/diarioregionaldigital.com.br\/index.php?rest_route=%2Fwp%2Fv2%2Ftags&post=160711"}],"curies":[{"name":"wp","href":"https:\/\/api.w.org\/{rel}","templated":true}]}}