{"id":160700,"date":"2020-05-21T06:00:00","date_gmt":"2020-05-21T09:00:00","guid":{"rendered":"https:\/\/diarioregionaldigital.com.br\/?p=160700"},"modified":"2020-05-21T00:26:59","modified_gmt":"2020-05-21T03:26:59","slug":"prefeitura-municipal-de-tocantins-licitacao-no019-21-05-2020","status":"publish","type":"post","link":"https:\/\/diarioregionaldigital.com.br\/?p=160700","title":{"rendered":"Prefeitura Municipal de Tocantins &#8211; Licita\u00e7\u00e3o n\u00ba019 -21\/05\/2020"},"content":{"rendered":"<p style=\"text-align: center;\"><strong>PREFEITURA MUNICIPAL DE TOCANTINS\/MG<\/strong><br \/>\n<strong>DECIS\u00c3O<\/strong><br \/>\n<strong>Processo Licita\u00e7\u00e3o n\u00b0 019\/2020<\/strong><br \/>\n<strong>Modalidade de Preg\u00e3o Presencial n\u00b0 013\/2020<\/strong><br \/>\nAcolhendo os termos do Parecer Jur\u00eddico lan\u00e7ado nos autos, DOU PROVIMENTO \u00c0 IMPUGNA\u00c7\u00c3O AO EDITAL apresentada pela empresa INSTALAR TECNOLOGIA EM INFORM\u00c1TICA \u2013 COM\u00c9RCIO DE EQUIPAMENTOS DE INFORM\u00c1TICA LTDA &#8211; CNPJ n\u00b0 08.225.893\/0001-85, para proceder ao CANCELAMENTO DA SESS\u00c3O DESIGNADA PARA O DIA 21\/05\/2020, \u00c0S 08:00h, bem como para suspender o andamento do feito at\u00e9 a an\u00e1lise t\u00e9cnica do Termo de Refer\u00eancia contido no Edital.<br \/>\nTocantins\/MG, 21 de maio de 2020.<br \/>\n______________________________<br \/>\n<strong>Hugo Senra Pereira<\/strong><br \/>\n<strong>Diretor Licita\u00e7\u00f5es e Compras \u2013<\/strong><\/p>\n","protected":false},"excerpt":{"rendered":"<p>PREFEITURA MUNICIPAL DE TOCANTINS\/MG DECIS\u00c3O Processo Licita\u00e7\u00e3o n\u00b0 019\/2020 Modalidade de Preg\u00e3o Presencial n\u00b0 013\/2020 Acolhendo os termos do Parecer Jur\u00eddico lan\u00e7ado nos autos, DOU PROVIMENTO \u00c0 IMPUGNA\u00c7\u00c3O AO EDITAL apresentada pela empresa INSTALAR TECNOLOGIA EM INFORM\u00c1TICA \u2013 COM\u00c9RCIO DE EQUIPAMENTOS DE INFORM\u00c1TICA LTDA &#8211; CNPJ n\u00b0 08.225.893\/0001-85, para proceder ao CANCELAMENTO DA SESS\u00c3O DESIGNADA [&hellip;]<\/p>\n","protected":false},"author":96,"featured_media":0,"comment_status":"closed","ping_status":"closed","sticky":false,"template":"","format":"standard","meta":{"footnotes":""},"categories":[307],"tags":[],"class_list":["post-160700","post","type-post","status-publish","format-standard","hentry","category-editais"],"_links":{"self":[{"href":"https:\/\/diarioregionaldigital.com.br\/index.php?rest_route=\/wp\/v2\/posts\/160700","targetHints":{"allow":["GET"]}}],"collection":[{"href":"https:\/\/diarioregionaldigital.com.br\/index.php?rest_route=\/wp\/v2\/posts"}],"about":[{"href":"https:\/\/diarioregionaldigital.com.br\/index.php?rest_route=\/wp\/v2\/types\/post"}],"author":[{"embeddable":true,"href":"https:\/\/diarioregionaldigital.com.br\/index.php?rest_route=\/wp\/v2\/users\/96"}],"replies":[{"embeddable":true,"href":"https:\/\/diarioregionaldigital.com.br\/index.php?rest_route=%2Fwp%2Fv2%2Fcomments&post=160700"}],"version-history":[{"count":0,"href":"https:\/\/diarioregionaldigital.com.br\/index.php?rest_route=\/wp\/v2\/posts\/160700\/revisions"}],"wp:attachment":[{"href":"https:\/\/diarioregionaldigital.com.br\/index.php?rest_route=%2Fwp%2Fv2%2Fmedia&parent=160700"}],"wp:term":[{"taxonomy":"category","embeddable":true,"href":"https:\/\/diarioregionaldigital.com.br\/index.php?rest_route=%2Fwp%2Fv2%2Fcategories&post=160700"},{"taxonomy":"post_tag","embeddable":true,"href":"https:\/\/diarioregionaldigital.com.br\/index.php?rest_route=%2Fwp%2Fv2%2Ftags&post=160700"}],"curies":[{"name":"wp","href":"https:\/\/api.w.org\/{rel}","templated":true}]}}