{"id":160691,"date":"2020-05-20T20:05:23","date_gmt":"2020-05-20T23:05:23","guid":{"rendered":"https:\/\/diarioregionaldigital.com.br\/?p=160691"},"modified":"2020-05-20T20:05:23","modified_gmt":"2020-05-20T23:05:23","slug":"covid-19-116-683-brasileiros-recuperados","status":"publish","type":"post","link":"https:\/\/diarioregionaldigital.com.br\/?p=160691","title":{"rendered":"Covid-19: 116.683 brasileiros recuperados"},"content":{"rendered":"<p>O Brasil confirmou nesta quarta-feira (20) que 116.683 pessoas j\u00e1 se recuperaram do coronav\u00edrus em todo o pa\u00eds. Nas \u00faltimas 24h, 9.889 pessoas se recuperaram da doen\u00e7a. O n\u00famero representa 40% do total de casos confirmados atualmente (291.579). H\u00e1 ainda 156.037 pacientes em tratamento. As informa\u00e7\u00f5es foram atualizadas at\u00e9 as 19h e repassadas pelas Secretarias Estaduais de Sa\u00fade.<\/p>\n<p>O Governo do Brasil, junto \u00e0s secretarias de sa\u00fade estaduais e municipais, est\u00e1 cuidando de todos. S\u00e3o investimentos em a\u00e7\u00f5es e servi\u00e7os, aquisi\u00e7\u00e3o de insumos, respiradores, equipamentos e EPIS, al\u00e9m da habilita\u00e7\u00e3o de leitos de UTI. Desde abril, a pasta j\u00e1 habilitou 6.142 leitos exclusivos de UTI exclusivos para pacientes graves ou grav\u00edssimos da doen\u00e7a. Somente na \u00faltima semana foram 2.352 habilita\u00e7\u00f5es. Cada leito recebe o dobro do valor por di\u00e1ria de interna\u00e7\u00e3o. Ao todo, j\u00e1 foram investidos R$ 882,3 milh\u00f5es, pagos em parcela \u00fanica para todos os estados brasileiros.<\/p>\n<p>At\u00e9 o momento, o pa\u00eds registra 19.951 \u00f3bitos, sendo que 888 foram registrados nos sistemas de informa\u00e7\u00e3o oficiais do Minist\u00e9rio da Sa\u00fade nas \u00faltimas 24h, apesar de a maioria ter acontecido em outros dias. Isso porque as notifica\u00e7\u00f5es ocorrem apenas ap\u00f3s a conclus\u00e3o da investiga\u00e7\u00e3o dos motivos das mortes. Desse total, 223 mortes ocorreram, de fato, nos \u00faltimos tr\u00eas dias e outras 3.483 est\u00e3o em investiga\u00e7\u00e3o.<\/p>\n<p>O Minist\u00e9rio da Sa\u00fade tem empenhado esfor\u00e7os e investido em infraestrutura, com habilita\u00e7\u00e3o de novos leitos de UTI, refor\u00e7o de recursos humanos e aquisi\u00e7\u00e3o de equipamentos de prote\u00e7\u00e3o individual, insumos e respiradores. A pasta tamb\u00e9m tem liberado recursos para auxiliar estados e munic\u00edpios a enfrentarem a pandemia, com o intuito de garantir a estrutura necess\u00e1ria ao atendimento dos pacientes. Entre abril e maio, j\u00e1 foram habilitados mais de 4 mil leitos de UTI, voltados exclusivamente para o atendimento de pacientes graves ou grav\u00edssimos do coronav\u00edrus.<\/p>\n<p>Atualmente, a doen\u00e7a circula em pouco mais da metade dos munic\u00edpios brasileiros, mas a maior parte n\u00e3o registra nenhum \u00f3bito.<\/p>\n<p>&nbsp;<\/p>\n<p><strong>Fonte:\u00a0<\/strong>Assessoria<\/p>\n","protected":false},"excerpt":{"rendered":"<p>O Brasil confirmou nesta quarta-feira (20) que 116.683 pessoas j\u00e1 se recuperaram do coronav\u00edrus em todo o pa\u00eds. Nas \u00faltimas 24h, 9.889 pessoas se recuperaram da doen\u00e7a. O n\u00famero representa 40% do total de casos confirmados atualmente (291.579). H\u00e1 ainda 156.037 pacientes em tratamento. As informa\u00e7\u00f5es foram atualizadas at\u00e9 as 19h e repassadas pelas Secretarias [&hellip;]<\/p>\n","protected":false},"author":96,"featured_media":158549,"comment_status":"closed","ping_status":"closed","sticky":false,"template":"","format":"standard","meta":{"footnotes":""},"categories":[302,436,440,439],"tags":[],"class_list":["post-160691","post","type-post","status-publish","format-standard","has-post-thumbnail","hentry","category-brasil-mundo","category-destaque-da-semana","category-destaques-do-dia","category-ultima-hora"],"_links":{"self":[{"href":"https:\/\/diarioregionaldigital.com.br\/index.php?rest_route=\/wp\/v2\/posts\/160691","targetHints":{"allow":["GET"]}}],"collection":[{"href":"https:\/\/diarioregionaldigital.com.br\/index.php?rest_route=\/wp\/v2\/posts"}],"about":[{"href":"https:\/\/diarioregionaldigital.com.br\/index.php?rest_route=\/wp\/v2\/types\/post"}],"author":[{"embeddable":true,"href":"https:\/\/diarioregionaldigital.com.br\/index.php?rest_route=\/wp\/v2\/users\/96"}],"replies":[{"embeddable":true,"href":"https:\/\/diarioregionaldigital.com.br\/index.php?rest_route=%2Fwp%2Fv2%2Fcomments&post=160691"}],"version-history":[{"count":0,"href":"https:\/\/diarioregionaldigital.com.br\/index.php?rest_route=\/wp\/v2\/posts\/160691\/revisions"}],"wp:featuredmedia":[{"embeddable":true,"href":"https:\/\/diarioregionaldigital.com.br\/index.php?rest_route=\/wp\/v2\/media\/158549"}],"wp:attachment":[{"href":"https:\/\/diarioregionaldigital.com.br\/index.php?rest_route=%2Fwp%2Fv2%2Fmedia&parent=160691"}],"wp:term":[{"taxonomy":"category","embeddable":true,"href":"https:\/\/diarioregionaldigital.com.br\/index.php?rest_route=%2Fwp%2Fv2%2Fcategories&post=160691"},{"taxonomy":"post_tag","embeddable":true,"href":"https:\/\/diarioregionaldigital.com.br\/index.php?rest_route=%2Fwp%2Fv2%2Ftags&post=160691"}],"curies":[{"name":"wp","href":"https:\/\/api.w.org\/{rel}","templated":true}]}}