{"id":160676,"date":"2020-05-20T18:46:02","date_gmt":"2020-05-20T21:46:02","guid":{"rendered":"https:\/\/diarioregionaldigital.com.br\/?p=160676"},"modified":"2020-05-20T18:46:02","modified_gmt":"2020-05-20T21:46:02","slug":"minas-amplia-capacidade-de-leitos-de-uti-e-de-testagem-para-covid-19","status":"publish","type":"post","link":"https:\/\/diarioregionaldigital.com.br\/?p=160676","title":{"rendered":"Minas amplia capacidade de leitos de UTI e de testagem para covid-19"},"content":{"rendered":"<p>Em coletiva virtual realizada nesta quarta-feira (20\/5), na Cidade Administrativa,\u00a0o governador Romeu Zema e\u00a0a\u00a0Secretaria de Sa\u00fade de Minas Gerais\u00a0trouxeram\u00a0dados atualizados e relevantes sobre o combate \u00e0 covid-19 no estado.<\/p>\n<p>O\u00a0governador Romeu Zema destacou o avan\u00e7o no que se refere ao preparo da rede assistencial para atendimento a pacientes com coronav\u00edrus. \u201cOntem, conclu\u00edmos mais 288 novos leitos de UTI, que j\u00e1 est\u00e3o \u00e0 disposi\u00e7\u00e3o da popula\u00e7\u00e3o. Com o acr\u00e9scimo,\u00a0o estado conta, atualmente, com um total de 2.669 leitos\u201d, anunciou.<\/p>\n<p><strong>Testagem<\/strong><\/p>\n<p>Outro an\u00fancio importante\u00a0foi\u00a0feito pelo\u00a0secret\u00e1rio de Estado de Sa\u00fade (SES-MG), Carlos Eduardo Amaral:\u00a0o aporte de testes que chegaram a Minas Gerais a partir de\u00a0repasse feito pelo Minist\u00e9rio da Sa\u00fade (MS) de 551.500 testes r\u00e1pidos para os munic\u00edpios mineiros. \u201cAo longo dos \u00faltimos 15 dias, o Governo do Estado repassou os testes r\u00e1pidos a todos os munic\u00edpios e esses testes est\u00e3o come\u00e7ando a entrar em a\u00e7\u00e3o.&#8221;<\/p>\n<p>Com mais testes sendo realizados, o secret\u00e1rio alertou para a possibilidade de aumento no n\u00famero de casos confirmados de covid-19. \u201cOs testes est\u00e3o come\u00e7ando a entrar em a\u00e7\u00e3o. A partir dessa testagem, o estado busca averiguar se h\u00e1 um n\u00famero significativo ou n\u00e3o de pessoas que j\u00e1 tiveram contato com o v\u00edrus. Dessa forma, \u00e9 poss\u00edvel que tenhamos um pequeno aumento em rela\u00e7\u00e3o ao que v\u00ednhamos tendo como casos confirmados\u201d, explica Carlos Eduardo Amaral.<\/p>\n<p>O quantitativo enviado a cada munic\u00edpio foi definido pelo MS, assim como a recomenda\u00e7\u00e3o para a aplica\u00e7\u00e3o dos testes. Cabe a cada munic\u00edpio definir e informar qual servi\u00e7o de sa\u00fade ser\u00e1 respons\u00e1vel pela testagem do coronav\u00edrus, de acordo com a organiza\u00e7\u00e3o\u00a0local, e os crit\u00e9rios de testagem estabelecidos pela SES-MG em conson\u00e2ncia com o Minist\u00e9rio.<\/p>\n<p><strong>Notifica\u00e7\u00f5es<\/strong><\/p>\n<p>Durante a coletiva, o secret\u00e1rio de Estado de Sa\u00fade voltou a destacar que a SES-MG utiliza um conjunto de mecanismos para avaliar a situa\u00e7\u00e3o da\u00a0pandemia\u00a0em Minas. \u201cAl\u00e9m da notifica\u00e7\u00e3o dos casos suspeitos, n\u00f3s tamb\u00e9m acompanhamos os casos diagnosticados da doen\u00e7a, as interna\u00e7\u00f5es e os \u00f3bitos, que s\u00e3o de notifica\u00e7\u00e3o compuls\u00f3ria. Dessa forma, n\u00f3s temos v\u00e1rios mecanismos de an\u00e1lise que nos d\u00e3o confiabilidade no acompanhamento dessa epidemia. Por isso, definitivamente, n\u00e3o entendo que esteja havendo uma subnotifica\u00e7\u00e3o intencional\u201d, esclarece Carlos Eduardo Amaral.<\/p>\n<p>Com rela\u00e7\u00e3o a uma poss\u00edvel antecipa\u00e7\u00e3o de feriados, o\u00a0secret\u00e1rio adjunto da SES-MG, Marcelo Cabral, pontuou que n\u00e3o se descarta tal possibilidade. \u201cCaso haja a necessidade de fazer essa movimenta\u00e7\u00e3o e, acreditando nos esfor\u00e7os do\u00a0Poder\u00a0Legislativo, haveria essa possibilidade de mobilidade\u201d, esclarece Marcelo Cabral.<\/p>\n<p><strong>A\u00e7\u00e3o coordenada<\/strong><\/p>\n<p>Carlos Eduardo Amaral refor\u00e7ou a import\u00e2ncia de uma a\u00e7\u00e3o coordenada entre os munic\u00edpios mineiros, no que se refere a uma poss\u00edvel flexibiliza\u00e7\u00e3o do isolamento. \u201c\u00c9 fundamental que os munic\u00edpios trabalhem em conjunto, com momentos \u00fanicos de flexibiliza\u00e7\u00e3o, se for o caso. Do contr\u00e1rio, podemos ter uma altera\u00e7\u00e3o na estrutura e na identifica\u00e7\u00e3o do que est\u00e1 acontecendo naquela regi\u00e3o. Por isso precisamos que as coisas sejam feitas de maneira coordenada\u201d.<\/p>\n<p>Ainda de acordo com Carlos Eduardo Amaral, a SES-MG mant\u00e9m as orienta\u00e7\u00f5es de isolamento, cuidados gerais com prote\u00e7\u00e3o individual e higiene, uso da m\u00e1scara e distanciamento social.<\/p>\n<p>&nbsp;<\/p>\n<p><strong>Fonte:\u00a0<\/strong>Ag\u00eancia Minas<\/p>\n","protected":false},"excerpt":{"rendered":"<p>Em coletiva virtual realizada nesta quarta-feira (20\/5), na Cidade Administrativa,\u00a0o governador Romeu Zema e\u00a0a\u00a0Secretaria de Sa\u00fade de Minas Gerais\u00a0trouxeram\u00a0dados atualizados e relevantes sobre o combate \u00e0 covid-19 no estado. O\u00a0governador Romeu Zema destacou o avan\u00e7o no que se refere ao preparo da rede assistencial para atendimento a pacientes com coronav\u00edrus. \u201cOntem, conclu\u00edmos mais 288 novos [&hellip;]<\/p>\n","protected":false},"author":96,"featured_media":160677,"comment_status":"closed","ping_status":"closed","sticky":false,"template":"","format":"standard","meta":{"footnotes":""},"categories":[436,440,252,439],"tags":[],"class_list":["post-160676","post","type-post","status-publish","format-standard","has-post-thumbnail","hentry","category-destaque-da-semana","category-destaques-do-dia","category-regiao","category-ultima-hora"],"_links":{"self":[{"href":"https:\/\/diarioregionaldigital.com.br\/index.php?rest_route=\/wp\/v2\/posts\/160676","targetHints":{"allow":["GET"]}}],"collection":[{"href":"https:\/\/diarioregionaldigital.com.br\/index.php?rest_route=\/wp\/v2\/posts"}],"about":[{"href":"https:\/\/diarioregionaldigital.com.br\/index.php?rest_route=\/wp\/v2\/types\/post"}],"author":[{"embeddable":true,"href":"https:\/\/diarioregionaldigital.com.br\/index.php?rest_route=\/wp\/v2\/users\/96"}],"replies":[{"embeddable":true,"href":"https:\/\/diarioregionaldigital.com.br\/index.php?rest_route=%2Fwp%2Fv2%2Fcomments&post=160676"}],"version-history":[{"count":0,"href":"https:\/\/diarioregionaldigital.com.br\/index.php?rest_route=\/wp\/v2\/posts\/160676\/revisions"}],"wp:featuredmedia":[{"embeddable":true,"href":"https:\/\/diarioregionaldigital.com.br\/index.php?rest_route=\/wp\/v2\/media\/160677"}],"wp:attachment":[{"href":"https:\/\/diarioregionaldigital.com.br\/index.php?rest_route=%2Fwp%2Fv2%2Fmedia&parent=160676"}],"wp:term":[{"taxonomy":"category","embeddable":true,"href":"https:\/\/diarioregionaldigital.com.br\/index.php?rest_route=%2Fwp%2Fv2%2Fcategories&post=160676"},{"taxonomy":"post_tag","embeddable":true,"href":"https:\/\/diarioregionaldigital.com.br\/index.php?rest_route=%2Fwp%2Fv2%2Ftags&post=160676"}],"curies":[{"name":"wp","href":"https:\/\/api.w.org\/{rel}","templated":true}]}}