{"id":160673,"date":"2020-05-20T18:44:01","date_gmt":"2020-05-20T21:44:01","guid":{"rendered":"https:\/\/diarioregionaldigital.com.br\/?p=160673"},"modified":"2020-05-20T18:44:01","modified_gmt":"2020-05-20T21:44:01","slug":"governador-anuncia-pagamento-do-13o-a-servidores-que-ainda-nao-tinham-recebido-beneficio","status":"publish","type":"post","link":"https:\/\/diarioregionaldigital.com.br\/?p=160673","title":{"rendered":"Governador anuncia pagamento do 13\u00ba a servidores que ainda n\u00e3o tinham recebido benef\u00edcio"},"content":{"rendered":"<div class=\"clear \">\n<p>O governador Romeu Zema anunciou nesta quarta-feira (20\/5), em coletiva, o pagamento do 13\u00ba aos 17% dos servidores que ainda n\u00e3o tinham recebido o abono natalino referente a 2019. Zema tamb\u00e9m anunciou a escala de pagamento de maio. A primeira parcela, no valor de R$ 2 mil, ser\u00e1 depositada no dia 22 e a segunda, com o restante, no dia 27 de maio.<\/p>\n<p>O chefe do Executivo explicou que tanto o 13\u00ba quanto a folha de maio s\u00f3 foram viabilizados com ajuda de uma decis\u00e3o judicial, que gerou uma receita para o Estado no valor de R$ 1 bilh\u00e3o. \u201cO valor refere-se a um dep\u00f3sito judicial da Vale relacionado \u00e0 trag\u00e9dia de Brumadinho\u201d, disse. Na ocasi\u00e3o, o governador tamb\u00e9m anunciou o pagamento do abono fardamento.<\/p>\n<p>Romeu Zema afirmou que a folha de junho volta a ser uma preocupa\u00e7\u00e3o. \u201cNos meses de abril e maio contamos com recursos extraordin\u00e1rios. Ao contr\u00e1rio, n\u00e3o ter\u00edamos receitas para pagar as despesas ordin\u00e1rias\u201d, explicou.<\/p>\n<p><strong>Socorro<\/strong><\/p>\n<p>O governador lembrou que participar\u00e1 nesta quinta-feira (21\/5) de uma videoconfer\u00eancia com o presidente Jair Bolsonaro para tratar do projeto de ajuda do governo federal a estados e munic\u00edpios. Aprovado pelo Congresso no dia 6 de maio, o projeto, que prev\u00ea repasse de R$ 60 bilh\u00f5es, aguarda san\u00e7\u00e3o do presidente.<\/p>\n<p>Minas ter\u00e1 uma ajuda de R$ 750 milh\u00f5es durante quatro meses, totalizando R$ 3 bilh\u00f5es. \u201cO valor vir\u00e1 em boa hora, mas vale lembrar que \u00e9 insuficiente para cobrir a queda na arrecada\u00e7\u00e3o no valor de R$ 2 bilh\u00f5es prevista em junho\u201d, afirmou Zema.<\/p>\n<p><strong>Equil\u00edbrio<\/strong><\/p>\n<p>Tamb\u00e9m na quinta-feira (21\/5) o governador se re\u00fane com os chefes do Legislativo e do Judici\u00e1rio mineiro para detalhar a situa\u00e7\u00e3o financeira do Estado. \u201cEu tenho deixado claro que n\u00e3o podemos ter servidores de primeira, segunda e terceira categorias no Estado. \u00c9 preciso ter um equil\u00edbrio entre os Poderes para n\u00e3o prejudicarmos quem ganha pouco e beneficiar quem ganha mais\u201d, explicou.<\/p>\n<\/div>\n<p><strong>Fonte:\u00a0<\/strong>Ag\u00eancia Minas<\/p>\n","protected":false},"excerpt":{"rendered":"<p>O governador Romeu Zema anunciou nesta quarta-feira (20\/5), em coletiva, o pagamento do 13\u00ba aos 17% dos servidores que ainda n\u00e3o tinham recebido o abono natalino referente a 2019. Zema tamb\u00e9m anunciou a escala de pagamento de maio. A primeira parcela, no valor de R$ 2 mil, ser\u00e1 depositada no dia 22 e a segunda, [&hellip;]<\/p>\n","protected":false},"author":96,"featured_media":160674,"comment_status":"closed","ping_status":"closed","sticky":false,"template":"","format":"standard","meta":{"footnotes":""},"categories":[436,261,439],"tags":[],"class_list":["post-160673","post","type-post","status-publish","format-standard","has-post-thumbnail","hentry","category-destaque-da-semana","category-economia","category-ultima-hora"],"_links":{"self":[{"href":"https:\/\/diarioregionaldigital.com.br\/index.php?rest_route=\/wp\/v2\/posts\/160673","targetHints":{"allow":["GET"]}}],"collection":[{"href":"https:\/\/diarioregionaldigital.com.br\/index.php?rest_route=\/wp\/v2\/posts"}],"about":[{"href":"https:\/\/diarioregionaldigital.com.br\/index.php?rest_route=\/wp\/v2\/types\/post"}],"author":[{"embeddable":true,"href":"https:\/\/diarioregionaldigital.com.br\/index.php?rest_route=\/wp\/v2\/users\/96"}],"replies":[{"embeddable":true,"href":"https:\/\/diarioregionaldigital.com.br\/index.php?rest_route=%2Fwp%2Fv2%2Fcomments&post=160673"}],"version-history":[{"count":0,"href":"https:\/\/diarioregionaldigital.com.br\/index.php?rest_route=\/wp\/v2\/posts\/160673\/revisions"}],"wp:featuredmedia":[{"embeddable":true,"href":"https:\/\/diarioregionaldigital.com.br\/index.php?rest_route=\/wp\/v2\/media\/160674"}],"wp:attachment":[{"href":"https:\/\/diarioregionaldigital.com.br\/index.php?rest_route=%2Fwp%2Fv2%2Fmedia&parent=160673"}],"wp:term":[{"taxonomy":"category","embeddable":true,"href":"https:\/\/diarioregionaldigital.com.br\/index.php?rest_route=%2Fwp%2Fv2%2Fcategories&post=160673"},{"taxonomy":"post_tag","embeddable":true,"href":"https:\/\/diarioregionaldigital.com.br\/index.php?rest_route=%2Fwp%2Fv2%2Ftags&post=160673"}],"curies":[{"name":"wp","href":"https:\/\/api.w.org\/{rel}","templated":true}]}}