{"id":160671,"date":"2020-05-20T18:42:20","date_gmt":"2020-05-20T21:42:20","guid":{"rendered":"https:\/\/diarioregionaldigital.com.br\/?p=160671"},"modified":"2020-05-20T18:42:20","modified_gmt":"2020-05-20T21:42:20","slug":"pesquisadores-encerram-monitoramento-eletronico-de-onca-pintada","status":"publish","type":"post","link":"https:\/\/diarioregionaldigital.com.br\/?p=160671","title":{"rendered":"Pesquisadores encerram monitoramento eletr\u00f4nico de on\u00e7a-pintada"},"content":{"rendered":"<p>H\u00e1 um ano, um grupo de pesquisadores, incluindo profissionais do\u00a0Instituto Estadual de Florestas (IEF), capturou, colocou um colar de monitoramento e depois soltou uma on\u00e7a-pintada que vinha circulando pela regi\u00e3o metropolitana de Juiz de Fora, na Zona da Mata.<\/p>\n<p>O objetivo\u00a0era\u00a0monitorar a rotina do animal. Por um ano, o colar rastreou todos os movimentos da on\u00e7a-pintada via GPS. Conforme previsto, o equipamento, com abertura programada e autom\u00e1tica, foi desativado neste m\u00eas de maio e, em seguida, recuperado pelo grupo de pesquisadores.<\/p>\n<p>O colar foi recolhido nos limites da \u00e1rea ambiental em que o animal foi solto h\u00e1 extamente um ano.<\/p>\n<p><b>Objetivos<\/b><\/p>\n<p>Os dados revelados pelo colar de monitoramento ser\u00e3o, agora, usados para pesquisas e a\u00e7\u00f5es que possibilitem o manejo adequado da popula\u00e7\u00e3o dessa esp\u00e9cie.<\/p>\n<p>A diretora de Prote\u00e7\u00e3o \u00e0 Fauna do IEF, Liliana Nappi, que participou das tratativas do processo de captura e soltura do animal, comemorou a localiza\u00e7\u00e3o do objeto. \u201cEstamos felizes por saber que h\u00e1 indicativos suficientemente fortes de que a on\u00e7a-pintada est\u00e1 viva e que esta hist\u00f3ria teve um desfecho de sucesso. O IEF forneceu apoio log\u00edstico aos pesquisadores durante o monitoramento do felino e seguir\u00e1 acompanhando o animal por meio das pesquisas em andamento\u201d, disse.<\/p>\n<p><b>Conserva\u00e7\u00e3o<\/b><\/p>\n<p>O diretor geral do IEF, Ant\u00f4nio Malard, destacou que \u201co achado \u00e9 um indicativo importante de que a transloca\u00e7\u00e3o do animal foi um sucesso, revelando que a atua\u00e7\u00e3o do IEF em parceria com as demais institui\u00e7\u00f5es nessa miss\u00e3o foi positiva e de importantes resultados para a ci\u00eancia e a sociedade, mas, sobretudo para a conserva\u00e7\u00e3o da esp\u00e9cie\u201d.<\/p>\n<p>De acordo com Fernando Azevedo, professor da Universidade Federal de S\u00e3o Jo\u00e3o Del Rey (UFSJ) que integra a equipe respons\u00e1vel pelo monitoramento do animal, h\u00e1 ind\u00edcios capazes de confirmar que o colar encontrado pertencia, de fato, \u00e0 on\u00e7a-pintada capturada em Juiz de Fora.<\/p>\n<p>Segundo o professor, somente o felino usava um colar com compartimento para GPS na cor branca. As outras tr\u00eas on\u00e7as-pintadas catalogadas na regi\u00e3o possuem o equipamento na cor preta. Al\u00e9m disso, o equipamento foi identificado\u00a0a\u00a0cerca de 7\u00a0quil\u00f4metros\u00a0do local onde foi realizada a soltura em 2019, apontando para um territ\u00f3rio de uso do animal.<\/p>\n<p>O dispositivo de monitoramento foi encontrado junto \u00e0 carca\u00e7a de um tamandu\u00e1-mirim, provavelmente predado pela on\u00e7a. \u201cPelos vest\u00edgios e manchas de sangue fresco da ca\u00e7a, foi poss\u00edvel estimar tamb\u00e9m que ela esteve no local se alimentando. S\u00e3o sinais de que o animal est\u00e1 ca\u00e7ando e estabeleceu territ\u00f3rio na \u00e1rea onde foi solto\u201d, afirmou o professor.<\/p>\n<p>A on\u00e7a-pintada continuar\u00e1 sendo monitorada por meio de c\u00e2meras instaladas nos arredores do local de soltura, e tamb\u00e9m pelas equipes do IEF, que far\u00e3o o acompanhamento a partir de pesquisas realizadas na regi\u00e3o.<\/p>\n<p><b>Manejo, captura e soltura<\/b><\/p>\n<p>O primeiro registro da on\u00e7a-pintada foi feito por um vigilante do Jardim Bot\u00e2nico de Juiz de Fora, no dia 25 de abri de 2019. A \u00e1rea faz divisa com uma unidade de conserva\u00e7\u00e3o estadual administrada pelo IEF no munic\u00edpio, a \u00c1rea de Prote\u00e7\u00e3o Ambiental (APA) Mata do Krambeck.<\/p>\n<p>Desde o avistamento do animal silvestre nos limites do munic\u00edpio, uma coopera\u00e7\u00e3o interinstitucional foi estabelecida. Participaram do processo o IEF, por meio do Centro de Triagem de Animais Silvestres (Cetas) de Juiz de Fora, e as entidades Campo de Instru\u00e7\u00f5es do Ex\u00e9rcito Brasileiro,\u00a0Corpo de Bombeiros, Instituto Brasileiro do Meio Ambiente e dos Recursos Naturais Renov\u00e1veis (Ibama), Centro Nacional de Pesquisa e Conserva\u00e7\u00e3o de Mam\u00edferos Carn\u00edvoros (Cenap\/ICMBio),\u00a0Pol\u00edcia Militar de Meio Ambiente (PMMAmb), Prefeitura de Juiz de Fora e a UFJF, gestora do Jardim Bot\u00e2nico.<\/p>\n<p>&nbsp;<\/p>\n<p><strong>Fonte:\u00a0<\/strong>Ag\u00eancia Minas<\/p>\n","protected":false},"excerpt":{"rendered":"<p>H\u00e1 um ano, um grupo de pesquisadores, incluindo profissionais do\u00a0Instituto Estadual de Florestas (IEF), capturou, colocou um colar de monitoramento e depois soltou uma on\u00e7a-pintada que vinha circulando pela regi\u00e3o metropolitana de Juiz de Fora, na Zona da Mata. O objetivo\u00a0era\u00a0monitorar a rotina do animal. Por um ano, o colar rastreou todos os movimentos da [&hellip;]<\/p>\n","protected":false},"author":96,"featured_media":160231,"comment_status":"closed","ping_status":"closed","sticky":false,"template":"","format":"standard","meta":{"footnotes":""},"categories":[253,436,439],"tags":[],"class_list":["post-160671","post","type-post","status-publish","format-standard","has-post-thumbnail","hentry","category-cidade","category-destaque-da-semana","category-ultima-hora"],"_links":{"self":[{"href":"https:\/\/diarioregionaldigital.com.br\/index.php?rest_route=\/wp\/v2\/posts\/160671","targetHints":{"allow":["GET"]}}],"collection":[{"href":"https:\/\/diarioregionaldigital.com.br\/index.php?rest_route=\/wp\/v2\/posts"}],"about":[{"href":"https:\/\/diarioregionaldigital.com.br\/index.php?rest_route=\/wp\/v2\/types\/post"}],"author":[{"embeddable":true,"href":"https:\/\/diarioregionaldigital.com.br\/index.php?rest_route=\/wp\/v2\/users\/96"}],"replies":[{"embeddable":true,"href":"https:\/\/diarioregionaldigital.com.br\/index.php?rest_route=%2Fwp%2Fv2%2Fcomments&post=160671"}],"version-history":[{"count":0,"href":"https:\/\/diarioregionaldigital.com.br\/index.php?rest_route=\/wp\/v2\/posts\/160671\/revisions"}],"wp:featuredmedia":[{"embeddable":true,"href":"https:\/\/diarioregionaldigital.com.br\/index.php?rest_route=\/wp\/v2\/media\/160231"}],"wp:attachment":[{"href":"https:\/\/diarioregionaldigital.com.br\/index.php?rest_route=%2Fwp%2Fv2%2Fmedia&parent=160671"}],"wp:term":[{"taxonomy":"category","embeddable":true,"href":"https:\/\/diarioregionaldigital.com.br\/index.php?rest_route=%2Fwp%2Fv2%2Fcategories&post=160671"},{"taxonomy":"post_tag","embeddable":true,"href":"https:\/\/diarioregionaldigital.com.br\/index.php?rest_route=%2Fwp%2Fv2%2Ftags&post=160671"}],"curies":[{"name":"wp","href":"https:\/\/api.w.org\/{rel}","templated":true}]}}