{"id":160668,"date":"2020-05-20T18:38:06","date_gmt":"2020-05-20T21:38:06","guid":{"rendered":"https:\/\/diarioregionaldigital.com.br\/?p=160668"},"modified":"2020-05-20T18:38:06","modified_gmt":"2020-05-20T21:38:06","slug":"fhemig-abre-novo-chamamento-emergencial-para-hospital-de-juiz-de-fora","status":"publish","type":"post","link":"https:\/\/diarioregionaldigital.com.br\/?p=160668","title":{"rendered":"Fhemig abre novo chamamento emergencial para hospital de Juiz de Fora"},"content":{"rendered":"<p>A\u00a0<a href=\"http:\/\/www.fhemig.mg.gov.br\/\" target=\"_blank\" rel=\"noopener\">Funda\u00e7\u00e3o Hospitalar do Estado de Minas Gerais (Fhemig)<\/a>\u00a0abre, das 8h desta quinta-feira (21\/5) at\u00e9 \u00e0s 15h de sexta-feira (22\/5), chamamento emergencial para contrata\u00e7\u00e3o imediata e tempor\u00e1ria de m\u00e9dicos que ir\u00e3o atuar no enfrentamento \u00e0 covid-19 no Hospital Regional Jo\u00e3o Penido (HRJP), em Juiz de Fora, na Zona da Mata.<\/p>\n<p>S\u00e3o 12 vagas para m\u00e9dicos de qualquer especialidade. O vencimento b\u00e1sico para 12 horas semanais \u00e9 de R$ 4.595,02.<\/p>\n<p>Todos os editais, com as informa\u00e7\u00f5es sobre inscri\u00e7\u00f5es e requisitos, entre outras, est\u00e3o dispon\u00edveis\u00a0<a href=\"http:\/\/www.fhemig.mg.gov.br\/index.php?preview=1&amp;option=com_dropfiles&amp;format=&amp;task=frontfile.download&amp;catid=1451&amp;id=14604&amp;Itemid=1000000000000\" target=\"_blank\" rel=\"noopener\">na p\u00e1gina da Fhemig<\/a>.<\/p>\n<p>&nbsp;<\/p>\n<p><strong>Fonte:<\/strong>\u00a0Ag\u00eancia Minas<\/p>\n","protected":false},"excerpt":{"rendered":"<p>A\u00a0Funda\u00e7\u00e3o Hospitalar do Estado de Minas Gerais (Fhemig)\u00a0abre, das 8h desta quinta-feira (21\/5) at\u00e9 \u00e0s 15h de sexta-feira (22\/5), chamamento emergencial para contrata\u00e7\u00e3o imediata e tempor\u00e1ria de m\u00e9dicos que ir\u00e3o atuar no enfrentamento \u00e0 covid-19 no Hospital Regional Jo\u00e3o Penido (HRJP), em Juiz de Fora, na Zona da Mata. S\u00e3o 12 vagas para m\u00e9dicos de [&hellip;]<\/p>\n","protected":false},"author":96,"featured_media":160669,"comment_status":"closed","ping_status":"closed","sticky":false,"template":"","format":"standard","meta":{"footnotes":""},"categories":[253,436,439],"tags":[],"class_list":["post-160668","post","type-post","status-publish","format-standard","has-post-thumbnail","hentry","category-cidade","category-destaque-da-semana","category-ultima-hora"],"_links":{"self":[{"href":"https:\/\/diarioregionaldigital.com.br\/index.php?rest_route=\/wp\/v2\/posts\/160668","targetHints":{"allow":["GET"]}}],"collection":[{"href":"https:\/\/diarioregionaldigital.com.br\/index.php?rest_route=\/wp\/v2\/posts"}],"about":[{"href":"https:\/\/diarioregionaldigital.com.br\/index.php?rest_route=\/wp\/v2\/types\/post"}],"author":[{"embeddable":true,"href":"https:\/\/diarioregionaldigital.com.br\/index.php?rest_route=\/wp\/v2\/users\/96"}],"replies":[{"embeddable":true,"href":"https:\/\/diarioregionaldigital.com.br\/index.php?rest_route=%2Fwp%2Fv2%2Fcomments&post=160668"}],"version-history":[{"count":0,"href":"https:\/\/diarioregionaldigital.com.br\/index.php?rest_route=\/wp\/v2\/posts\/160668\/revisions"}],"wp:featuredmedia":[{"embeddable":true,"href":"https:\/\/diarioregionaldigital.com.br\/index.php?rest_route=\/wp\/v2\/media\/160669"}],"wp:attachment":[{"href":"https:\/\/diarioregionaldigital.com.br\/index.php?rest_route=%2Fwp%2Fv2%2Fmedia&parent=160668"}],"wp:term":[{"taxonomy":"category","embeddable":true,"href":"https:\/\/diarioregionaldigital.com.br\/index.php?rest_route=%2Fwp%2Fv2%2Fcategories&post=160668"},{"taxonomy":"post_tag","embeddable":true,"href":"https:\/\/diarioregionaldigital.com.br\/index.php?rest_route=%2Fwp%2Fv2%2Ftags&post=160668"}],"curies":[{"name":"wp","href":"https:\/\/api.w.org\/{rel}","templated":true}]}}