{"id":160665,"date":"2020-05-20T18:34:42","date_gmt":"2020-05-20T21:34:42","guid":{"rendered":"https:\/\/diarioregionaldigital.com.br\/?p=160665"},"modified":"2020-05-20T18:34:42","modified_gmt":"2020-05-20T21:34:42","slug":"bairros-alto-dos-passos-e-santa-luzia-recebem-equipes-de-prevencao-e-fiscalizacao","status":"publish","type":"post","link":"https:\/\/diarioregionaldigital.com.br\/?p=160665","title":{"rendered":"Bairros Alto dos Passos e Santa Luzia recebem equipes de preven\u00e7\u00e3o e fiscaliza\u00e7\u00e3o"},"content":{"rendered":"<p>Na tarde desta quarta-feira, 20, o comboio de preven\u00e7\u00e3o ao coronav\u00edrus, formado por diversos \u00f3rg\u00e3os da Prefeitura de Juiz de Fora (PJF) e o Corpo de Bombeiros, esteve na zona sul da cidade. Nos bairros Alto dos Passos e Santa Luzia, as equipes percorreram as principais ruas das regi\u00f5es, com mensagem sonora, orientando a popula\u00e7\u00e3o sobre as medidas de distanciamento social e higieniza\u00e7\u00e3o necess\u00e1rias para a conten\u00e7\u00e3o da doen\u00e7a. Em Santa Luzia, uma papelaria foi interditada pela fiscaliza\u00e7\u00e3o de posturas, por estar em funcionamento, mesmo n\u00e3o sendo com\u00e9rcio da lista de servi\u00e7os essenciais, definida pelo decreto de ades\u00e3o do Munic\u00edpio ao pro grama do Governo do estado, o \u201cMinas Consciente\u201d.<\/p>\n<p>Todo o trabalho possui foco na intera\u00e7\u00e3o preventiva. A ideia \u00e9 ampliar a presen\u00e7a do poder p\u00fablico junto \u00e0 popula\u00e7\u00e3o, promovendo a conscientiza\u00e7\u00e3o, orientando e, em casos necess\u00e1rios, fiscalizando o cumprimento das determina\u00e7\u00f5es municipais previstas em decreto para o funcionamento do com\u00e9rcio. A a\u00e7\u00e3o tem o objetivo de contribuir para a minimiza\u00e7\u00e3o da pandemia na cidade.<\/p>\n<p>Durante a a\u00e7\u00e3o, panfletos sobre o coronav\u00edrus e o uso correto das m\u00e1scaras foram distribu\u00eddos \u00e0s pessoas que transitavam no com\u00e9rcio do Bairro Santa Luzia. Poucas se encontravam sem m\u00e1scaras. Aquelas que relatavam n\u00e3o possuir o equipamento de prote\u00e7\u00e3o individual receberam uma pe\u00e7a, para uso imediato.<\/p>\n<p>A a\u00e7\u00e3o \u00e9 resultado da uni\u00e3o de esfor\u00e7os entre fiscais de posturas, guardas municipais, agentes de transporte e tr\u00e2nsito e de endemias, servidores da Ag\u00eancia de Prote\u00e7\u00e3o e Defesa do Consumidor (Procon), militares do Corpo de Bombeiros e equipe do Departamento Municipal de Limpeza Urbana (Demlurb). Esta \u00faltima realizou descontamina\u00e7\u00e3o de todos os equipamentos da pra\u00e7a, bem como pontos de \u00f4nibus e gradis de prote\u00e7\u00e3o do c\u00f3rrego, nas imedia\u00e7\u00f5es, com solu\u00e7\u00e3o de hipoclorito de s\u00f3dio e \u00e1gua, eficiente na redu\u00e7\u00e3o da carga biol\u00f3gica sobre estas superf\u00edcies.<\/p>\n<p>&nbsp;<\/p>\n<p><strong>Fonte:\u00a0<\/strong>Assessoria<\/p>\n","protected":false},"excerpt":{"rendered":"<p>Na tarde desta quarta-feira, 20, o comboio de preven\u00e7\u00e3o ao coronav\u00edrus, formado por diversos \u00f3rg\u00e3os da Prefeitura de Juiz de Fora (PJF) e o Corpo de Bombeiros, esteve na zona sul da cidade. Nos bairros Alto dos Passos e Santa Luzia, as equipes percorreram as principais ruas das regi\u00f5es, com mensagem sonora, orientando a popula\u00e7\u00e3o [&hellip;]<\/p>\n","protected":false},"author":96,"featured_media":160666,"comment_status":"closed","ping_status":"closed","sticky":false,"template":"","format":"standard","meta":{"footnotes":""},"categories":[253,436,439],"tags":[],"class_list":["post-160665","post","type-post","status-publish","format-standard","has-post-thumbnail","hentry","category-cidade","category-destaque-da-semana","category-ultima-hora"],"_links":{"self":[{"href":"https:\/\/diarioregionaldigital.com.br\/index.php?rest_route=\/wp\/v2\/posts\/160665","targetHints":{"allow":["GET"]}}],"collection":[{"href":"https:\/\/diarioregionaldigital.com.br\/index.php?rest_route=\/wp\/v2\/posts"}],"about":[{"href":"https:\/\/diarioregionaldigital.com.br\/index.php?rest_route=\/wp\/v2\/types\/post"}],"author":[{"embeddable":true,"href":"https:\/\/diarioregionaldigital.com.br\/index.php?rest_route=\/wp\/v2\/users\/96"}],"replies":[{"embeddable":true,"href":"https:\/\/diarioregionaldigital.com.br\/index.php?rest_route=%2Fwp%2Fv2%2Fcomments&post=160665"}],"version-history":[{"count":0,"href":"https:\/\/diarioregionaldigital.com.br\/index.php?rest_route=\/wp\/v2\/posts\/160665\/revisions"}],"wp:featuredmedia":[{"embeddable":true,"href":"https:\/\/diarioregionaldigital.com.br\/index.php?rest_route=\/wp\/v2\/media\/160666"}],"wp:attachment":[{"href":"https:\/\/diarioregionaldigital.com.br\/index.php?rest_route=%2Fwp%2Fv2%2Fmedia&parent=160665"}],"wp:term":[{"taxonomy":"category","embeddable":true,"href":"https:\/\/diarioregionaldigital.com.br\/index.php?rest_route=%2Fwp%2Fv2%2Fcategories&post=160665"},{"taxonomy":"post_tag","embeddable":true,"href":"https:\/\/diarioregionaldigital.com.br\/index.php?rest_route=%2Fwp%2Fv2%2Ftags&post=160665"}],"curies":[{"name":"wp","href":"https:\/\/api.w.org\/{rel}","templated":true}]}}