{"id":160658,"date":"2020-05-20T18:00:21","date_gmt":"2020-05-20T21:00:21","guid":{"rendered":"https:\/\/diarioregionaldigital.com.br\/?p=160658"},"modified":"2020-05-20T18:00:21","modified_gmt":"2020-05-20T21:00:21","slug":"pjf-recebe-novas-doacoes-para-enfrentamento-a-covid-19","status":"publish","type":"post","link":"https:\/\/diarioregionaldigital.com.br\/?p=160658","title":{"rendered":"PJF recebe novas doa\u00e7\u00f5es para enfrentamento \u00e0 covid-19"},"content":{"rendered":"<p>Prefeitura de Juiz de Fora (PJF) recebeu na ter\u00e7a-feira, 19, novas doa\u00e7\u00f5es, atrav\u00e9s dos editais de chamamento p\u00fablico em vig\u00eancia. Entre os doadores, a empresa Nexa, que entregou 218 \u00f3culos de prote\u00e7\u00e3o; 18 protetores faciais; 120 pacotes de papel toalha; 90 frascos, de um litro cada, de sabonete l\u00edquido; 360 frascos de um litro de \u00e1lcool l\u00edquido 70%; 270 frascos de um litro de \u00e1lcool em gel 70%; seis term\u00f4metros digitais: 360 sacos pl\u00e1sticos brancos; e 9.292 m\u00e1scaras; al\u00e9m de outros 200 kits de testes r\u00e1pidos covid (outros 200 j\u00e1 haviam sido entregues em abril).<\/p>\n<p>Os itens foram doados observando os crit\u00e9rios e diretrizes dos chamamentos p\u00fablicos abertos pelo Munic\u00edpio, para viabilizar contribui\u00e7\u00f5es de bens, equipamentos e produtos por pessoas f\u00edsicas e jur\u00eddicas durante o per\u00edodo de enfrentamento \u00e0 pandemia do novo coronav\u00edrus (covid-19) \u2013 editais de n\u00fameros 412 e 413.<\/p>\n<p>Interessados em tamb\u00e9m realizar doa\u00e7\u00f5es devem encaminhar as propostas atrav\u00e9s do e-mail srm@pjf.mg.gov.br, incluindo a ficha de inscri\u00e7\u00e3o, dispon\u00edvel no edital; c\u00f3pia da carteira de identidade (RG) e\/ou Cadastro de Pessoa F\u00edsica (CPF) ou c\u00f3pia de Comprovante de Inscri\u00e7\u00e3o e de Situa\u00e7\u00e3o Cadastral de Pessoa Jur\u00eddica; proposta de doa\u00e7\u00e3o, contendo descri\u00e7\u00e3o, especifica\u00e7\u00f5es, quantidade e valor de mercado, bem como outras caracter\u00edsticas necess\u00e1rias \u00e0 defini\u00e7\u00e3o do objeto da doa\u00e7\u00e3o; al\u00e9m dos comprovantes, quando houver, de atendimento aos \u201ccrit\u00e9rios para a aceita\u00e7\u00e3o da doa\u00e7\u00e3o\u201d. Elas ser\u00e3o avaliadas pela Comiss\u00e3o de Processamento de Doa\u00e7\u00f5es, que coordenar\u00e1 os procedimentos para recebimento dos itens aprovados.<\/p>\n<p>&nbsp;<\/p>\n<p><strong>Fonte:<\/strong>\u00a0Assessoria<\/p>\n","protected":false},"excerpt":{"rendered":"<p>Prefeitura de Juiz de Fora (PJF) recebeu na ter\u00e7a-feira, 19, novas doa\u00e7\u00f5es, atrav\u00e9s dos editais de chamamento p\u00fablico em vig\u00eancia. Entre os doadores, a empresa Nexa, que entregou 218 \u00f3culos de prote\u00e7\u00e3o; 18 protetores faciais; 120 pacotes de papel toalha; 90 frascos, de um litro cada, de sabonete l\u00edquido; 360 frascos de um litro de [&hellip;]<\/p>\n","protected":false},"author":96,"featured_media":160659,"comment_status":"closed","ping_status":"closed","sticky":false,"template":"","format":"standard","meta":{"footnotes":""},"categories":[253,436,439],"tags":[],"class_list":["post-160658","post","type-post","status-publish","format-standard","has-post-thumbnail","hentry","category-cidade","category-destaque-da-semana","category-ultima-hora"],"_links":{"self":[{"href":"https:\/\/diarioregionaldigital.com.br\/index.php?rest_route=\/wp\/v2\/posts\/160658","targetHints":{"allow":["GET"]}}],"collection":[{"href":"https:\/\/diarioregionaldigital.com.br\/index.php?rest_route=\/wp\/v2\/posts"}],"about":[{"href":"https:\/\/diarioregionaldigital.com.br\/index.php?rest_route=\/wp\/v2\/types\/post"}],"author":[{"embeddable":true,"href":"https:\/\/diarioregionaldigital.com.br\/index.php?rest_route=\/wp\/v2\/users\/96"}],"replies":[{"embeddable":true,"href":"https:\/\/diarioregionaldigital.com.br\/index.php?rest_route=%2Fwp%2Fv2%2Fcomments&post=160658"}],"version-history":[{"count":0,"href":"https:\/\/diarioregionaldigital.com.br\/index.php?rest_route=\/wp\/v2\/posts\/160658\/revisions"}],"wp:featuredmedia":[{"embeddable":true,"href":"https:\/\/diarioregionaldigital.com.br\/index.php?rest_route=\/wp\/v2\/media\/160659"}],"wp:attachment":[{"href":"https:\/\/diarioregionaldigital.com.br\/index.php?rest_route=%2Fwp%2Fv2%2Fmedia&parent=160658"}],"wp:term":[{"taxonomy":"category","embeddable":true,"href":"https:\/\/diarioregionaldigital.com.br\/index.php?rest_route=%2Fwp%2Fv2%2Fcategories&post=160658"},{"taxonomy":"post_tag","embeddable":true,"href":"https:\/\/diarioregionaldigital.com.br\/index.php?rest_route=%2Fwp%2Fv2%2Ftags&post=160658"}],"curies":[{"name":"wp","href":"https:\/\/api.w.org\/{rel}","templated":true}]}}