{"id":160656,"date":"2020-05-20T17:44:26","date_gmt":"2020-05-20T20:44:26","guid":{"rendered":"https:\/\/diarioregionaldigital.com.br\/?p=160656"},"modified":"2020-05-20T17:44:26","modified_gmt":"2020-05-20T20:44:26","slug":"ufjf-integra-a-pesquisa-internacional-que-fala-sobre-coronavirus","status":"publish","type":"post","link":"https:\/\/diarioregionaldigital.com.br\/?p=160656","title":{"rendered":"UFJF integra \u00e0 pesquisa internacional que fala sobre Coronav\u00edrus"},"content":{"rendered":"<p><span style=\"font-weight: 400;\">A Universidade Federal de Juiz de Fora (UFJF), foi chamada para fazer parte da pesquisa internacional que trata sobre Rea\u00e7\u00f5es F\u00edsicas, Psicol\u00f3gicas e Cognitivas ao Coronav\u00edrus. <\/span><span style=\"font-weight: 400;\">O estudo conta com a participa\u00e7\u00e3o simult\u00e2nea de pesquisadores de outros cinco pa\u00edses: China, \u00cdndia, Austr\u00e1lia, Portugal e Ir\u00e3, al\u00e9m de seis institui\u00e7\u00f5es brasileiras. Todos os pesquisadores ir\u00e3o atuar na investiga\u00e7\u00e3o de efeitos f\u00edsicos, psicol\u00f3gicos e cognitivos causados pela doen\u00e7a durante e no per\u00edodo p\u00f3s-pandemia.\u00a0<\/span><\/p>\n<p><span style=\"font-weight: 400;\">Al\u00e9m disso, a equipe criou um formul\u00e1rio para levantar informa\u00e7\u00f5es sobre as principais rea\u00e7\u00f5es \u00e0s pandemias, incluindo comportamentos e rea\u00e7\u00f5es emocionais e defensivas. Inclusive a realiza\u00e7\u00e3o da pesquisa permitir\u00e1 aos pesquisadores de compreender a doen\u00e7a e relacionar ao quadro epidemiol\u00f3gico, levando em conta as quest\u00f5es socioecon\u00f4micas, fatores culturais e pol\u00edticos.<\/span><\/p>\n<p><span style=\"font-weight: 400;\">Aqui no Brasil, o projeto \u00e9 idealizado pelo professor Jos\u00e9 Aparecido da Silva, da Universidade de S\u00e3o Paulo (USP); e conta com a participa\u00e7\u00e3o dos pesquisadores Jorge Tostes, da Universidade Federal de Itajub\u00e1 (Unifei); Cl\u00e1udia M\u00e1rmora e Alberto Abad, da UFJF; Juliana Silva e Mayra Ponti, da USP-Ribeir\u00e3o Preto; Luis Antonio Campos, da Universidade Cat\u00f3lica de Petr\u00f3polis (UCP); Scheila Paiva, da Universidade Federal de Sergipe (UFS); e Leonardo de Freitas e Lucas Teixeira, da Universidade Federal de Alfenas (Unifal).<\/span><\/p>\n<p><span style=\"font-weight: 400;\">Segundo a integrante do grupo, professora da Faculdade de Fisioterapia e do Programa de P\u00f3s-gradua\u00e7\u00e3o em Psicologia da UFJF, Cl\u00e1udia M\u00e1rmora, o objetivo da realiza\u00e7\u00e3o da pesquisa \u00e9 aprofundar na quest\u00e3o do comportamento das pessoas durante a epidemia:\u00a0<\/span><\/p>\n<p><span style=\"font-weight: 400;\">\u201cNa verdade, esses fatores desempenham um papel vital para a mudan\u00e7a de comportamento, por exemplo, na ader\u00eancia \u00e0 vacina\u00e7\u00e3o, no distanciamento e isolamento social, bem como nas pr\u00e1ticas de higiene, como lavar as m\u00e3os e assoar apropriadamente o nariz. Elas s\u00e3o vitais para conter a dissemina\u00e7\u00e3o da infec\u00e7\u00e3o. A n\u00e3o ades\u00e3o \u00e0 vacina\u00e7\u00e3o \u00e9 um problema generalizado, mesmo durante epidemias, ou pandemias globalizadas\u201d, explica.<\/span><\/p>\n<p><span style=\"font-weight: 400;\">Ao analisar as condi\u00e7\u00f5es das estruturas de sa\u00fade na Am\u00e9rica Latina, Cl\u00e1udia diz que os sistemas de sa\u00fade n\u00e3o est\u00e3o preparados para a epidemia do Coronav\u00edrus:<\/span><\/p>\n<p><span style=\"font-weight: 400;\">\u201cAs pr\u00e1ticas de higiene, como lavar as m\u00e3os com sab\u00e3o, usar \u00e1lcool gel, espirrar na dobra do bra\u00e7o, evitar tocar nos olhos, nariz e boca, usar m\u00e1scaras faciais, colocar tecidos diretamente em uma lixeira, e o distanciamento social n\u00e3o s\u00e3o totalmente seguidos, especialmente em pa\u00edses como Brasil e M\u00e9xico.\u201d<\/span><\/p>\n","protected":false},"excerpt":{"rendered":"<p>A Universidade Federal de Juiz de Fora (UFJF), foi chamada para fazer parte da pesquisa internacional que trata sobre Rea\u00e7\u00f5es F\u00edsicas, Psicol\u00f3gicas e Cognitivas ao Coronav\u00edrus. O estudo conta com a participa\u00e7\u00e3o simult\u00e2nea de pesquisadores de outros cinco pa\u00edses: China, \u00cdndia, Austr\u00e1lia, Portugal e Ir\u00e3, al\u00e9m de seis institui\u00e7\u00f5es brasileiras. Todos os pesquisadores ir\u00e3o atuar [&hellip;]<\/p>\n","protected":false},"author":96,"featured_media":160340,"comment_status":"closed","ping_status":"closed","sticky":false,"template":"","format":"standard","meta":{"footnotes":""},"categories":[253,436,439],"tags":[],"class_list":["post-160656","post","type-post","status-publish","format-standard","has-post-thumbnail","hentry","category-cidade","category-destaque-da-semana","category-ultima-hora"],"_links":{"self":[{"href":"https:\/\/diarioregionaldigital.com.br\/index.php?rest_route=\/wp\/v2\/posts\/160656","targetHints":{"allow":["GET"]}}],"collection":[{"href":"https:\/\/diarioregionaldigital.com.br\/index.php?rest_route=\/wp\/v2\/posts"}],"about":[{"href":"https:\/\/diarioregionaldigital.com.br\/index.php?rest_route=\/wp\/v2\/types\/post"}],"author":[{"embeddable":true,"href":"https:\/\/diarioregionaldigital.com.br\/index.php?rest_route=\/wp\/v2\/users\/96"}],"replies":[{"embeddable":true,"href":"https:\/\/diarioregionaldigital.com.br\/index.php?rest_route=%2Fwp%2Fv2%2Fcomments&post=160656"}],"version-history":[{"count":0,"href":"https:\/\/diarioregionaldigital.com.br\/index.php?rest_route=\/wp\/v2\/posts\/160656\/revisions"}],"wp:featuredmedia":[{"embeddable":true,"href":"https:\/\/diarioregionaldigital.com.br\/index.php?rest_route=\/wp\/v2\/media\/160340"}],"wp:attachment":[{"href":"https:\/\/diarioregionaldigital.com.br\/index.php?rest_route=%2Fwp%2Fv2%2Fmedia&parent=160656"}],"wp:term":[{"taxonomy":"category","embeddable":true,"href":"https:\/\/diarioregionaldigital.com.br\/index.php?rest_route=%2Fwp%2Fv2%2Fcategories&post=160656"},{"taxonomy":"post_tag","embeddable":true,"href":"https:\/\/diarioregionaldigital.com.br\/index.php?rest_route=%2Fwp%2Fv2%2Ftags&post=160656"}],"curies":[{"name":"wp","href":"https:\/\/api.w.org\/{rel}","templated":true}]}}