{"id":160650,"date":"2020-05-20T16:40:14","date_gmt":"2020-05-20T19:40:14","guid":{"rendered":"https:\/\/diarioregionaldigital.com.br\/?p=160650"},"modified":"2020-05-20T16:40:14","modified_gmt":"2020-05-20T19:40:14","slug":"ministerio-da-educacao-adia-o-enem-2020","status":"publish","type":"post","link":"https:\/\/diarioregionaldigital.com.br\/?p=160650","title":{"rendered":"Minist\u00e9rio da Educa\u00e7\u00e3o adia o Enem 2020"},"content":{"rendered":"<p><span style=\"font-weight: 400;\">O Minist\u00e9rio da Educa\u00e7\u00e3o (MEC) decidiu adiar o Exame Nacional do Ensino M\u00e9dio (Enem) 2020 em fun\u00e7\u00e3o dos impactos da pandemia do novo coronav\u00edrus. \u201cAs datas ser\u00e3o adiadas de 30 a 60 dias em rela\u00e7\u00e3o ao que foi previsto nos editais\u201c, diz nota conjunta do MEC e do Instituto Nacional de Estudos e Pesquisas Educacionais An\u00edsio Teixeira (Inep).<\/span><\/p>\n<p><span style=\"font-weight: 400;\">O cronograma inicial previa a aplica\u00e7\u00e3o do Enem 2020 impresso nos dias 1\u00ba e 8 de novembro. J\u00e1 os participantes da vers\u00e3o digital, fariam a prova nos dias 11 e 18 de outubro. mais de 3,5 milh\u00f5es de candidatos se inscraveram para o exame.<\/span><\/p>\n<p><span style=\"font-weight: 400;\">Para definir a nova data, o Inep promover\u00e1 uma enquete direcionada aos inscritos do Enem 2020, a ser realizada em junho, por meio da P\u00e1gina do Participante. As inscri\u00e7\u00f5es para o exame seguem abertas at\u00e9 as 23h59 desta sexta-feira, 22 de maio.<\/span><\/p>\n<p><span style=\"font-weight: 400;\">Mais cedo, o ministro da Educa\u00e7\u00e3o, Abraham Weintraub, mencionou um poss\u00edvel adiamento do Enem, pelas redes sociais. Em sua conta no Twitter, ele informou que a decis\u00e3o ocorre \u201cdiante dos recentes acontecimentos no Congresso\u201d e ap\u00f3s conversas com l\u00edderes do centr\u00e3o.<\/span><\/p>\n<p><span style=\"font-weight: 400;\">A C\u00e2mara dos Deputados est\u00e1 pautada para votar hoje requerimento de urg\u00eancia para a vota\u00e7\u00e3o do projeto de lei (PL) 2623\/2020, que adia o Enem enquanto durarem as medidas sanit\u00e1rias emergenciais decorrentes da pandemia do novo coronav\u00edrus, mas com o adiamento anunciado pelo pr\u00f3prio MEC, h\u00e1 a possibilidade de a pauta ser derrubada.<\/span><\/p>\n<p><b>Justi\u00e7a<\/b><\/p>\n<p><span style=\"font-weight: 400;\">A realiza\u00e7\u00e3o do Enem tamb\u00e9m foi alvo de questionamentos judiciais. Nessa segunda-feira (18) a Defensoria P\u00fablica da Uni\u00e3o (DPU) entrou com recurso no Tribunal Regional Federal da 3\u00aa Regi\u00e3o pedindo que a decis\u00e3o de manter o exame durante a pandemia do novo coronav\u00edrus seja revista.<\/span><\/p>\n<p><span style=\"font-weight: 400;\">Em abril, o \u00f3rg\u00e3o conseguiu uma liminar favor\u00e1vel ao adiamento das datas da prova, mas a medida foi derrubada pelo desembargador Ant\u00f4nio Cedenho atendendo a pedido da Advocacia-Geral da Uni\u00e3o (AGU).<\/span><\/p>\n<p><span style=\"font-weight: 400;\">\u00a0<\/span><\/p>\n<p><strong>Fonte:\u00a0<\/strong>Ag\u00eancia Brasil<\/p>\n","protected":false},"excerpt":{"rendered":"<p>O Minist\u00e9rio da Educa\u00e7\u00e3o (MEC) decidiu adiar o Exame Nacional do Ensino M\u00e9dio (Enem) 2020 em fun\u00e7\u00e3o dos impactos da pandemia do novo coronav\u00edrus. \u201cAs datas ser\u00e3o adiadas de 30 a 60 dias em rela\u00e7\u00e3o ao que foi previsto nos editais\u201c, diz nota conjunta do MEC e do Instituto Nacional de Estudos e Pesquisas Educacionais [&hellip;]<\/p>\n","protected":false},"author":96,"featured_media":160651,"comment_status":"closed","ping_status":"closed","sticky":false,"template":"","format":"standard","meta":{"footnotes":""},"categories":[436,254,439],"tags":[],"class_list":["post-160650","post","type-post","status-publish","format-standard","has-post-thumbnail","hentry","category-destaque-da-semana","category-politica","category-ultima-hora"],"_links":{"self":[{"href":"https:\/\/diarioregionaldigital.com.br\/index.php?rest_route=\/wp\/v2\/posts\/160650","targetHints":{"allow":["GET"]}}],"collection":[{"href":"https:\/\/diarioregionaldigital.com.br\/index.php?rest_route=\/wp\/v2\/posts"}],"about":[{"href":"https:\/\/diarioregionaldigital.com.br\/index.php?rest_route=\/wp\/v2\/types\/post"}],"author":[{"embeddable":true,"href":"https:\/\/diarioregionaldigital.com.br\/index.php?rest_route=\/wp\/v2\/users\/96"}],"replies":[{"embeddable":true,"href":"https:\/\/diarioregionaldigital.com.br\/index.php?rest_route=%2Fwp%2Fv2%2Fcomments&post=160650"}],"version-history":[{"count":0,"href":"https:\/\/diarioregionaldigital.com.br\/index.php?rest_route=\/wp\/v2\/posts\/160650\/revisions"}],"wp:featuredmedia":[{"embeddable":true,"href":"https:\/\/diarioregionaldigital.com.br\/index.php?rest_route=\/wp\/v2\/media\/160651"}],"wp:attachment":[{"href":"https:\/\/diarioregionaldigital.com.br\/index.php?rest_route=%2Fwp%2Fv2%2Fmedia&parent=160650"}],"wp:term":[{"taxonomy":"category","embeddable":true,"href":"https:\/\/diarioregionaldigital.com.br\/index.php?rest_route=%2Fwp%2Fv2%2Fcategories&post=160650"},{"taxonomy":"post_tag","embeddable":true,"href":"https:\/\/diarioregionaldigital.com.br\/index.php?rest_route=%2Fwp%2Fv2%2Ftags&post=160650"}],"curies":[{"name":"wp","href":"https:\/\/api.w.org\/{rel}","templated":true}]}}