{"id":160647,"date":"2020-05-20T15:53:51","date_gmt":"2020-05-20T18:53:51","guid":{"rendered":"https:\/\/diarioregionaldigital.com.br\/?p=160647"},"modified":"2020-05-20T15:53:51","modified_gmt":"2020-05-20T18:53:51","slug":"federacao-internacional-de-tenis-ajudara-financeiramente-atletas-mais-afetados-pela-epidemia-do-coronavirus","status":"publish","type":"post","link":"https:\/\/diarioregionaldigital.com.br\/?p=160647","title":{"rendered":"Federa\u00e7\u00e3o Internacional de T\u00eanis ajudar\u00e1 financeiramente atletas mais afetados pela epidemia do Coronav\u00edrus"},"content":{"rendered":"<p><span style=\"font-weight: 400;\">A Federa\u00e7\u00e3o Internacional de T\u00eanis (ITF em ingl\u00eas), anunciou que dar\u00e1 assist\u00eancia financeira para atletas mais afetados pela epidemia do Coronav\u00edrus. O aux\u00edlio ser\u00e1 para os tenistas <\/span><span style=\"font-weight: 400;\">que se encontram entre as posi\u00e7\u00f5es 501\u00ba e 700\u00b0 do ranking mundial.<\/span><\/p>\n<p><span style=\"font-weight: 400;\">A decis\u00e3o foi publicada no site oficial da entidade. Os atletas com piores rankings e que em geral dependem das premia\u00e7\u00f5es para manter suas carreiras foram impactados com a suspens\u00e3o dos torneios. Eles receber\u00e3o a ajuda da ITF desde que n\u00e3o estejam recebendo outro aux\u00edlio monet\u00e1rio.<\/span><\/p>\n<p><span style=\"font-weight: 400;\">O presidente da ITF, David Haggerty, garante toda ajuda poss\u00edvel aos atletas e vai disponibilizar todas as op\u00e7\u00f5es vi\u00e1veis para o caso:<\/span><\/p>\n<p><span style=\"font-weight: 400;\">\u201cEstamos fazendo tudo ao nosso alcance para garantir que os jogadores talentosos, que escalam o caminho da ITF, recebam o apoio de que precisam e continuem seu desenvolvimento durante esses tempos incertos. Muitos profissionais e organiza\u00e7\u00f5es no mundo do t\u00eanis foram significativamente afetados por esse hiato em nosso esporte devido \u00e0 Covid-19. N\u00e3o \u00e9 uma abordagem simples e demorada. A ITF est\u00e1 revisando todas as op\u00e7\u00f5es vi\u00e1veis apropriadas para fornecer suporte onde for mais necess\u00e1rio entre nossos diferentes interessados&#8221; concluiu.<\/span><\/p>\n","protected":false},"excerpt":{"rendered":"<p>A Federa\u00e7\u00e3o Internacional de T\u00eanis (ITF em ingl\u00eas), anunciou que dar\u00e1 assist\u00eancia financeira para atletas mais afetados pela epidemia do Coronav\u00edrus. O aux\u00edlio ser\u00e1 para os tenistas que se encontram entre as posi\u00e7\u00f5es 501\u00ba e 700\u00b0 do ranking mundial. A decis\u00e3o foi publicada no site oficial da entidade. Os atletas com piores rankings e que [&hellip;]<\/p>\n","protected":false},"author":96,"featured_media":160648,"comment_status":"closed","ping_status":"closed","sticky":false,"template":"","format":"standard","meta":{"footnotes":""},"categories":[436,257,439],"tags":[],"class_list":["post-160647","post","type-post","status-publish","format-standard","has-post-thumbnail","hentry","category-destaque-da-semana","category-esporte","category-ultima-hora"],"_links":{"self":[{"href":"https:\/\/diarioregionaldigital.com.br\/index.php?rest_route=\/wp\/v2\/posts\/160647","targetHints":{"allow":["GET"]}}],"collection":[{"href":"https:\/\/diarioregionaldigital.com.br\/index.php?rest_route=\/wp\/v2\/posts"}],"about":[{"href":"https:\/\/diarioregionaldigital.com.br\/index.php?rest_route=\/wp\/v2\/types\/post"}],"author":[{"embeddable":true,"href":"https:\/\/diarioregionaldigital.com.br\/index.php?rest_route=\/wp\/v2\/users\/96"}],"replies":[{"embeddable":true,"href":"https:\/\/diarioregionaldigital.com.br\/index.php?rest_route=%2Fwp%2Fv2%2Fcomments&post=160647"}],"version-history":[{"count":0,"href":"https:\/\/diarioregionaldigital.com.br\/index.php?rest_route=\/wp\/v2\/posts\/160647\/revisions"}],"wp:featuredmedia":[{"embeddable":true,"href":"https:\/\/diarioregionaldigital.com.br\/index.php?rest_route=\/wp\/v2\/media\/160648"}],"wp:attachment":[{"href":"https:\/\/diarioregionaldigital.com.br\/index.php?rest_route=%2Fwp%2Fv2%2Fmedia&parent=160647"}],"wp:term":[{"taxonomy":"category","embeddable":true,"href":"https:\/\/diarioregionaldigital.com.br\/index.php?rest_route=%2Fwp%2Fv2%2Fcategories&post=160647"},{"taxonomy":"post_tag","embeddable":true,"href":"https:\/\/diarioregionaldigital.com.br\/index.php?rest_route=%2Fwp%2Fv2%2Ftags&post=160647"}],"curies":[{"name":"wp","href":"https:\/\/api.w.org\/{rel}","templated":true}]}}