{"id":160644,"date":"2020-05-20T15:44:31","date_gmt":"2020-05-20T18:44:31","guid":{"rendered":"https:\/\/diarioregionaldigital.com.br\/?p=160644"},"modified":"2020-05-20T15:44:31","modified_gmt":"2020-05-20T18:44:31","slug":"ouro-no-4x100m-em-lima-2019-paulo-andre-tem-como-objetivo-correr-abaixo-de-10-segundos","status":"publish","type":"post","link":"https:\/\/diarioregionaldigital.com.br\/?p=160644","title":{"rendered":"Ouro no 4x100m em Lima 2019, Paulo Andr\u00e9 tem como objetivo correr abaixo de 10 segundos"},"content":{"rendered":"<p><span style=\"font-weight: 400;\">Em live promovida no instagram da Confedera\u00e7\u00e3o Brasileira de Atletismo (CBAt) no in\u00edcio da noite desta segunda-feira, dia 18 de maio, Paulo Andr\u00e9 mostrou-se muito confiante e, aos 21 anos, sonha em alcan\u00e7ar uma medalha ol\u00edmpica e superar diversas vezes a barreira dos 10 segundos nos 100 m. Em constante evolu\u00e7\u00e3o, motivos n\u00e3o faltam para o otimismo do velocista paulista de Santo Andr\u00e9 radicado desde crian\u00e7a na cidade de Vila Velha, no Esp\u00edrito Santo.<\/span><\/p>\n<p>&nbsp;<\/p>\n<p><span style=\"font-weight: 400;\">\u201cEstou podendo treinar normalmente na pista da Vila Ol\u00edmpica e s\u00f3 improviso um pouco na muscula\u00e7\u00e3o, j\u00e1 que a academia est\u00e1 fechada. Mas estou pronto e ansioso para competir. Quando os Jogos Ol\u00edmpicos de T\u00f3quio foram adiados para 2021, decidi com a minha equipe manter a prepara\u00e7\u00e3o\u201d, comentou Paulo Andr\u00e9, semifinalista dos 100 m no Mundial de Atletismo de Doha-2019.<\/span><\/p>\n<p><span style=\"font-weight: 400;\">O velocista, orientado pelo pai e treinador Carlos Jos\u00e9 Camilo de Oliveira, ficou mais animado ainda depois que a World Atlhetics (ex-IAAF) divulgou um calend\u00e1rio provis\u00f3rio de competi\u00e7\u00f5es para o segundo semestre de 2020. O objetivo est\u00e1 definido: correr a prova abaixo dos 10 segundos e tornar-se o primeiro sul-americano a alcan\u00e7ar esse proeza na hist\u00f3ria. No Trof\u00e9u Brasil de 2019, o tricampe\u00e3o da prova Paulo Andr\u00e9 venceu os 100 m, em 9.90, mas a marca n\u00e3o p\u00f4de ser homologada porque havia vento favor\u00e1vel de 3.2 m\/s, bem acima do limite de 2 m\/s.<\/span><\/p>\n<p><span style=\"font-weight: 400;\">\u201cMantive a regularidade nos 10 segundos e agora quero correr v\u00e1rias vezes na casa dos 9. Estou pensando alto, em 9.90 ou 9.80. Preciso ratificar isso, com marca homologada. N\u00e3o adianta correr 9.99. Tem de ser mais baixo\u201d, destacou o velocista que tem os dois melhores tempos do Brasil e da Am\u00e9rica do Sul nos 100 m em 2019: 10.02 (1.5), em abril, em Azuza, Estados Unidos, e 10.04 (0.9), em junho, em Braga, Portugal.<\/span><\/p>\n<p><span style=\"font-weight: 400;\">Enquanto n\u00e3o consegue alcan\u00e7ar o objetivo, Paulo Andr\u00e9 sonha com o revezamento 4&#215;100 m. \u201cNossa realidade hoje \u00e9 o 4&#215;100 m. Temos um grupo muito forte e unido, que j\u00e1 provou ser competitivo\u201d, lembrou. A equipe formada por Rodrigo Nascimento, Jorge Vides, Derick Souza e Paulo Andr\u00e9 conquistou em maio de 2019 o t\u00edtulo in\u00e9dito do Campeonato Mundial de Revezamentos, em Yokohama, no Jap\u00e3o. \u201cA vit\u00f3ria foi inesquec\u00edvel. A gente vinha sofrendo com resultados n\u00e3o t\u00e3o bons nos treinos nos Estados Unidos e depois no Jap\u00e3o e de repente tudo encaixou\u201d, disse.<\/span><\/p>\n<p><span style=\"font-weight: 400;\">O revezamento 4&#215;100 m masculino conquistou tamb\u00e9m em 2019 a medalha de ouro nos Jogos Pan-Americanos de Lima, repetindo a forma\u00e7\u00e3o de Yokohama. No Mundial de Doha, o p\u00f3dio escapou por muito pouco. A equipe, que teve Vitor Hugo dos Santos no lugar de Jorge Vides, terminou em quarto lugar, com 37.72, novo recorde sul-americano. O recorde anterior era do Brasil desde a Olimp\u00edada de Sydney-2000, com 37.90 (tinha 19 anos).<\/span><\/p>\n<p><span style=\"font-weight: 400;\">Com o desejo de cursar Educa\u00e7\u00e3o F\u00edsica e Marketing, ap\u00f3s encerrar a carreira, o atleta garante manter todos os cuidados necess\u00e1rios nesta \u00e9poca de pandemia.\u00a0<\/span><\/p>\n<p><span style=\"font-weight: 400;\">\u201cTreino isolado, uso m\u00e1scara e tomo os cuidados com a higiene, como lavar as m\u00e3os e usar \u00e1lcool em gel. Essa quarentena afeta todo o mundo tamb\u00e9m mentalmente. Por isso, \u00e9 preciso manter-se sempre ocupado\u201d, concluiu o atleta, que ganhou tamb\u00e9m a medalha de prata nos 100 m dos Jogos Pan-Americanos de Lima e ouro na Universidade de N\u00e1poles em 2019.<\/span><\/p>\n<p>&nbsp;<\/p>\n<p><strong>Fonte:\u00a0<\/strong>COB<\/p>\n","protected":false},"excerpt":{"rendered":"<p>Em live promovida no instagram da Confedera\u00e7\u00e3o Brasileira de Atletismo (CBAt) no in\u00edcio da noite desta segunda-feira, dia 18 de maio, Paulo Andr\u00e9 mostrou-se muito confiante e, aos 21 anos, sonha em alcan\u00e7ar uma medalha ol\u00edmpica e superar diversas vezes a barreira dos 10 segundos nos 100 m. Em constante evolu\u00e7\u00e3o, motivos n\u00e3o faltam para [&hellip;]<\/p>\n","protected":false},"author":96,"featured_media":160645,"comment_status":"closed","ping_status":"closed","sticky":false,"template":"","format":"standard","meta":{"footnotes":""},"categories":[436,257,439],"tags":[],"class_list":["post-160644","post","type-post","status-publish","format-standard","has-post-thumbnail","hentry","category-destaque-da-semana","category-esporte","category-ultima-hora"],"_links":{"self":[{"href":"https:\/\/diarioregionaldigital.com.br\/index.php?rest_route=\/wp\/v2\/posts\/160644","targetHints":{"allow":["GET"]}}],"collection":[{"href":"https:\/\/diarioregionaldigital.com.br\/index.php?rest_route=\/wp\/v2\/posts"}],"about":[{"href":"https:\/\/diarioregionaldigital.com.br\/index.php?rest_route=\/wp\/v2\/types\/post"}],"author":[{"embeddable":true,"href":"https:\/\/diarioregionaldigital.com.br\/index.php?rest_route=\/wp\/v2\/users\/96"}],"replies":[{"embeddable":true,"href":"https:\/\/diarioregionaldigital.com.br\/index.php?rest_route=%2Fwp%2Fv2%2Fcomments&post=160644"}],"version-history":[{"count":0,"href":"https:\/\/diarioregionaldigital.com.br\/index.php?rest_route=\/wp\/v2\/posts\/160644\/revisions"}],"wp:featuredmedia":[{"embeddable":true,"href":"https:\/\/diarioregionaldigital.com.br\/index.php?rest_route=\/wp\/v2\/media\/160645"}],"wp:attachment":[{"href":"https:\/\/diarioregionaldigital.com.br\/index.php?rest_route=%2Fwp%2Fv2%2Fmedia&parent=160644"}],"wp:term":[{"taxonomy":"category","embeddable":true,"href":"https:\/\/diarioregionaldigital.com.br\/index.php?rest_route=%2Fwp%2Fv2%2Fcategories&post=160644"},{"taxonomy":"post_tag","embeddable":true,"href":"https:\/\/diarioregionaldigital.com.br\/index.php?rest_route=%2Fwp%2Fv2%2Ftags&post=160644"}],"curies":[{"name":"wp","href":"https:\/\/api.w.org\/{rel}","templated":true}]}}