{"id":160641,"date":"2020-05-20T15:38:17","date_gmt":"2020-05-20T18:38:17","guid":{"rendered":"https:\/\/diarioregionaldigital.com.br\/?p=160641"},"modified":"2020-05-20T15:38:17","modified_gmt":"2020-05-20T18:38:17","slug":"federacao-italiana-determina-encerramento-do-campeonato-italiano-ate-20-de-agosto","status":"publish","type":"post","link":"https:\/\/diarioregionaldigital.com.br\/?p=160641","title":{"rendered":"Federa\u00e7\u00e3o Italiana determina encerramento do Campeonato Italiano at\u00e9 20 de agosto"},"content":{"rendered":"<p><span style=\"font-weight: 400;\">O presidente da Federa\u00e7\u00e3o Italiana de Futebol (FIGC), Gabrielle Gravina, em reuni\u00e3o com conselheiros, aprovou nessa quarta-feira (20), o plano para a retomada das tr\u00eas divis\u00f5es que comp\u00f5e o Campeonato Italiano. A ideia dos dirigentes \u00e9 realizar os jogos entre os dias 13 de junho e 2 de agosto, incluindo o prazo m\u00e1ximo de encerramento das competi\u00e7\u00f5es at\u00e9 o dia 20 de agosto.<\/span><\/p>\n<p><span style=\"font-weight: 400;\">No entanto, a volta do futebol italiano ainda n\u00e3o tem data prevista, uma vez que o Governo da It\u00e1lia proibiu qualquer evento esportivo pelo pa\u00eds at\u00e9 o dia 14 de junho, mesmo que sejam realizados com port\u00f5es fechados.<\/span><\/p>\n<p><span style=\"font-weight: 400;\">Quanto a quest\u00e3o de poss\u00edveis novos casos de Coronav\u00edrus, o protocolo sanit\u00e1rio aprovado pela FIGC prev\u00ea que se por acaso houver casos confirmados entre os clubes, o campeonato deve ser suspenso imediatamente. Se for o caso, a entidade m\u00e1xima do futebol italiano vai determinar um novo formato para encerramento da temporada, com sistema de mata-mata ou at\u00e9 mesmo encerramento definitivo. A federa\u00e7\u00e3o decidiu tamb\u00e9m que a temporada 2020\/2021 do futebol italiano iniciar\u00e1 no dia 1\u00ba de setembro.<\/span><\/p>\n<p><span style=\"font-weight: 400;\">O Campeonato Italiano est\u00e1 paralisado desde o m\u00eas de mar\u00e7o. At\u00e9 o momento, a Juventus de Cristiano Ronaldo lidera com 63 pontos, Lazio \u00e9 a vice-l\u00edder com 62, Internazionale de Mil\u00e3o \u00e9 o terceiro com 54 e a Atalanta fecha a zona de classifica\u00e7\u00e3o para a pr\u00f3xima edi\u00e7\u00e3o da Liga dos Campe\u00f5es com 48 pontos.<\/span><\/p>\n<p>&nbsp;<\/p>\n","protected":false},"excerpt":{"rendered":"<p>O presidente da Federa\u00e7\u00e3o Italiana de Futebol (FIGC), Gabrielle Gravina, em reuni\u00e3o com conselheiros, aprovou nessa quarta-feira (20), o plano para a retomada das tr\u00eas divis\u00f5es que comp\u00f5e o Campeonato Italiano. A ideia dos dirigentes \u00e9 realizar os jogos entre os dias 13 de junho e 2 de agosto, incluindo o prazo m\u00e1ximo de encerramento [&hellip;]<\/p>\n","protected":false},"author":96,"featured_media":160642,"comment_status":"closed","ping_status":"closed","sticky":false,"template":"","format":"standard","meta":{"footnotes":""},"categories":[436,257,439],"tags":[],"class_list":["post-160641","post","type-post","status-publish","format-standard","has-post-thumbnail","hentry","category-destaque-da-semana","category-esporte","category-ultima-hora"],"_links":{"self":[{"href":"https:\/\/diarioregionaldigital.com.br\/index.php?rest_route=\/wp\/v2\/posts\/160641","targetHints":{"allow":["GET"]}}],"collection":[{"href":"https:\/\/diarioregionaldigital.com.br\/index.php?rest_route=\/wp\/v2\/posts"}],"about":[{"href":"https:\/\/diarioregionaldigital.com.br\/index.php?rest_route=\/wp\/v2\/types\/post"}],"author":[{"embeddable":true,"href":"https:\/\/diarioregionaldigital.com.br\/index.php?rest_route=\/wp\/v2\/users\/96"}],"replies":[{"embeddable":true,"href":"https:\/\/diarioregionaldigital.com.br\/index.php?rest_route=%2Fwp%2Fv2%2Fcomments&post=160641"}],"version-history":[{"count":0,"href":"https:\/\/diarioregionaldigital.com.br\/index.php?rest_route=\/wp\/v2\/posts\/160641\/revisions"}],"wp:featuredmedia":[{"embeddable":true,"href":"https:\/\/diarioregionaldigital.com.br\/index.php?rest_route=\/wp\/v2\/media\/160642"}],"wp:attachment":[{"href":"https:\/\/diarioregionaldigital.com.br\/index.php?rest_route=%2Fwp%2Fv2%2Fmedia&parent=160641"}],"wp:term":[{"taxonomy":"category","embeddable":true,"href":"https:\/\/diarioregionaldigital.com.br\/index.php?rest_route=%2Fwp%2Fv2%2Fcategories&post=160641"},{"taxonomy":"post_tag","embeddable":true,"href":"https:\/\/diarioregionaldigital.com.br\/index.php?rest_route=%2Fwp%2Fv2%2Ftags&post=160641"}],"curies":[{"name":"wp","href":"https:\/\/api.w.org\/{rel}","templated":true}]}}