{"id":160636,"date":"2020-05-20T14:23:26","date_gmt":"2020-05-20T17:23:26","guid":{"rendered":"https:\/\/diarioregionaldigital.com.br\/?p=160636"},"modified":"2020-05-20T14:23:26","modified_gmt":"2020-05-20T17:23:26","slug":"governo-de-minas-disponibiliza-mais-288-leitos-de-uti","status":"publish","type":"post","link":"https:\/\/diarioregionaldigital.com.br\/?p=160636","title":{"rendered":"Governo de Minas disponibiliza mais 288 leitos de UTI"},"content":{"rendered":"<p>O governador Romeu Zema anunciou, nesta quarta-feira (20), a libera\u00e7\u00e3o de mais 288 leitos de Unidade de Terapia Intensiva (UTI). Com esse incremento, j\u00e1 s\u00e3o 656 leitos reativados em todas as regi\u00f5es mineiras, totalizando 2.669 leitos de UTI na rede SUS estadual. Dessa forma, o Estado d\u00e1 mais um passo importante no enfrentamento \u00e0 pandemia, preparando-se para uma eventual inclina\u00e7\u00e3o da curva do n\u00famero de infectados.<\/p>\n<p>De acordo com Zema, a expans\u00e3o \u00e9 fruto do mapeamento dos leitos de UTI desativados em toda rede hospitalar do estado, ou leitos de UTI em que faltavam equipamentos. \u201cApesar de estarmos com a pandemia bem controlada em Minas, \u00e9 sempre prudente se preparar para uma situa\u00e7\u00e3o mais grave\u201d, alertou.<\/p>\n<p>Desde o momento em que foi confirmada a transmiss\u00e3o comunit\u00e1ria do coronav\u00edrus em Minas Gerais, o Estado tem tomado medidas visando \u00e0 maior estrutura\u00e7\u00e3o da rede de Sa\u00fade, com a amplia\u00e7\u00e3o dos leitos hospitalares. Minas contava, em fevereiro, com 2.013 leitos de UTI no SUSF\u00e1cilMG, programa estadual para regula\u00e7\u00e3o do acesso aos leitos.<\/p>\n<p>Com o esfor\u00e7o conjunto, organizado pela\u00a0Secretaria de Estado de Sa\u00fade (SES-MG)\u00a0junto aos munic\u00edpios, com apoio e recursos da iniciativa privada e tamb\u00e9m municipais, estadual e federal, foram agregados, na primeira quinzena de abril, 50 leitos \u00e0\u00a0Funda\u00e7\u00e3o Hospitalar do Estado de Minas Gerais (Fhemig).<\/p>\n<p>Tamb\u00e9m em abril, outros 368 foram disponibilizados em hospitais prestadores de servi\u00e7os ao SUS. Com o incremento anunciado hoje, Minas conta atualmente com 2.669 leitos de terapia intensiva na rede SUS estadual. Os 656 liberados representam 24,5% deste total.<\/p>\n<p><strong>Hospital de Campanha<\/strong><\/p>\n<p>A equipe t\u00e9cnica em gest\u00e3o de Sa\u00fade do Estado de Minas Gerais avalia que, no momento, n\u00e3o h\u00e1 indica\u00e7\u00e3o ou necessidade de implantar novos leitos, uma vez que o Hospital de Campanha, estruturado para o enfrentamento ao coronav\u00edrus, funciona como uma reserva t\u00e9cnica para o sistema p\u00fablico de Sa\u00fade.<\/p>\n<p>Montado no Expominas, em Belo Horizonte, o Hospital de Campanha conta com 768 leitos, sendo 740 de enfermaria e 28 de estabiliza\u00e7\u00e3o. A estrutura teve um custo de R$ 5,3 milh\u00f5es &#8211; 80% deste valor foi doado pela Federa\u00e7\u00e3o das Ind\u00fastrias do Estado de Minas Gerais (Fiemg).<\/p>\n<p>Minas ocupa a segunda posi\u00e7\u00e3o entre os estados com os menores \u00edndices de mortes por coronav\u00edrus, atr\u00e1s apenas do Mato Grosso do Sul. De acordo com o boletim epidemiol\u00f3gico desta quarta-feira (20\/5), o estado registrou 5.286 casos confirmados e 177 \u00f3bitos.<\/p>\n<p>&nbsp;<\/p>\n<p><strong>Fonte:\u00a0<\/strong>Ag\u00eancia Minas<\/p>\n","protected":false},"excerpt":{"rendered":"<p>O governador Romeu Zema anunciou, nesta quarta-feira (20), a libera\u00e7\u00e3o de mais 288 leitos de Unidade de Terapia Intensiva (UTI). Com esse incremento, j\u00e1 s\u00e3o 656 leitos reativados em todas as regi\u00f5es mineiras, totalizando 2.669 leitos de UTI na rede SUS estadual. Dessa forma, o Estado d\u00e1 mais um passo importante no enfrentamento \u00e0 pandemia, [&hellip;]<\/p>\n","protected":false},"author":96,"featured_media":158764,"comment_status":"closed","ping_status":"closed","sticky":false,"template":"","format":"standard","meta":{"footnotes":""},"categories":[436,254,439],"tags":[],"class_list":["post-160636","post","type-post","status-publish","format-standard","has-post-thumbnail","hentry","category-destaque-da-semana","category-politica","category-ultima-hora"],"_links":{"self":[{"href":"https:\/\/diarioregionaldigital.com.br\/index.php?rest_route=\/wp\/v2\/posts\/160636","targetHints":{"allow":["GET"]}}],"collection":[{"href":"https:\/\/diarioregionaldigital.com.br\/index.php?rest_route=\/wp\/v2\/posts"}],"about":[{"href":"https:\/\/diarioregionaldigital.com.br\/index.php?rest_route=\/wp\/v2\/types\/post"}],"author":[{"embeddable":true,"href":"https:\/\/diarioregionaldigital.com.br\/index.php?rest_route=\/wp\/v2\/users\/96"}],"replies":[{"embeddable":true,"href":"https:\/\/diarioregionaldigital.com.br\/index.php?rest_route=%2Fwp%2Fv2%2Fcomments&post=160636"}],"version-history":[{"count":0,"href":"https:\/\/diarioregionaldigital.com.br\/index.php?rest_route=\/wp\/v2\/posts\/160636\/revisions"}],"wp:featuredmedia":[{"embeddable":true,"href":"https:\/\/diarioregionaldigital.com.br\/index.php?rest_route=\/wp\/v2\/media\/158764"}],"wp:attachment":[{"href":"https:\/\/diarioregionaldigital.com.br\/index.php?rest_route=%2Fwp%2Fv2%2Fmedia&parent=160636"}],"wp:term":[{"taxonomy":"category","embeddable":true,"href":"https:\/\/diarioregionaldigital.com.br\/index.php?rest_route=%2Fwp%2Fv2%2Fcategories&post=160636"},{"taxonomy":"post_tag","embeddable":true,"href":"https:\/\/diarioregionaldigital.com.br\/index.php?rest_route=%2Fwp%2Fv2%2Ftags&post=160636"}],"curies":[{"name":"wp","href":"https:\/\/api.w.org\/{rel}","templated":true}]}}