{"id":160634,"date":"2020-05-20T14:20:37","date_gmt":"2020-05-20T17:20:37","guid":{"rendered":"https:\/\/diarioregionaldigital.com.br\/?p=160634"},"modified":"2020-05-20T14:20:37","modified_gmt":"2020-05-20T17:20:37","slug":"ufjf-produz-mais-de-13-mil-viseiras-de-protecao-e-2-mil-quilos-de-alcool-70","status":"publish","type":"post","link":"https:\/\/diarioregionaldigital.com.br\/?p=160634","title":{"rendered":"UFJF produz mais de 13 mil viseiras de prote\u00e7\u00e3o e 2 mil quilos de \u00e1lcool 70"},"content":{"rendered":"<p>Em um esfor\u00e7o institucional para combater o novo coronav\u00edrus, diversos setores da Universidade Federal de Juiz de Fora (UFJF) est\u00e3o mobilizados na produ\u00e7\u00e3o e na distribui\u00e7\u00e3o gratuita de materiais essenciais para profissionais e pacientes do sistema de sa\u00fade. Al\u00e9m de integrar a rede de diagn\u00f3stico da Covid-19 do estado de Minas Gerais, com dois laborat\u00f3rios realizando at\u00e9 cem testes diariamente, demais iniciativas da UFJF j\u00e1 produziram, at\u00e9 o momento da publica\u00e7\u00e3o desta mat\u00e9ria, mais de 13 mil viseiras de prote\u00e7\u00e3o (<em>face shields<\/em>), acima de dois mil quilos de \u00e1lcool gel e duzentos litros de \u00e1lcool 70 saneante.<\/p>\n<p><strong>\u00c1lcool gel e saneante<\/strong><\/p>\n<p>A Farm\u00e1cia Universit\u00e1ria \u00e9 um dos polos de produ\u00e7\u00e3o e distribui\u00e7\u00e3o de \u00e1lcool gel 70 para os servi\u00e7os de sa\u00fade da regi\u00e3o. At\u00e9 ent\u00e3o, o Hospital Universit\u00e1rio (HU-UFJF), o Hemominas e o Servi\u00e7o de Atendimento M\u00f3vel de Urg\u00eancia (SAMU) receberam 150 quilos, 20 quilos e 4 quilos do produto, respectivamente.<\/p>\n<p>Desde o dia 17 de abril, a fabrica\u00e7\u00e3o em maior escala de \u00e1lcool gel foi possibilitada pela parceria da UFJF com a Prefeitura de Juiz de Fora (PJF), que recebeu doa\u00e7\u00f5es de insumos feita por uma rede colaborativa de empres\u00e1rios da cidade. Semanalmente, a PJF recolhe o produto final fabricado na UFJF e distribui entre as Unidades B\u00e1sicas de Sa\u00fade (UBS) do munic\u00edpio. At\u00e9 a data de hoje, 1.855 quilos de \u00e1lcool gel foram entregues por meio desta parceria. Neste aumento de produ\u00e7\u00e3o do produto, al\u00e9m dos profissionais ligados \u00e0 Farm\u00e1cia Universit\u00e1ria, tamb\u00e9m est\u00e3o envolvidos pesquisadores da Faculdade de Farm\u00e1cia e do Departamento de Qu\u00edmica do Instituto de Ci\u00eancias Exatas (ICE) da Universidade.<\/p>\n<p>J\u00e1 o Departamento de Bioqu\u00edmica do Instituto de Ci\u00eancias Biol\u00f3gicas (ICB) recebeu a doa\u00e7\u00e3o de mil litros de \u00e1lcool a 96% GL da BR Distribuidora. Desde ent\u00e3o, equipes compostas por docentes e t\u00e9cnico-administrativos em educa\u00e7\u00e3o (TAEs) trabalham em dois laborat\u00f3rios para diluir e distribuir \u00e1lcool 70 a partir dos insumos doados. Nesta ter\u00e7a-feira, 19, ocorreu a entrega de 200 litros do produto para o SAMU, que utilizar\u00e1 o mesmo para a higieniza\u00e7\u00e3o dos ve\u00edculos que transportam pacientes.<\/p>\n<p>\u201cEste produto \u00e9 preparado com a finalidade de uso como saneante, ou seja, apenas para limpeza de superf\u00edcies\u201d, esclarece o diretor do ICB, Lyderson Viccini. \u201cEsta produ\u00e7\u00e3o s\u00f3 foi poss\u00edvel pois, recentemente, a Ag\u00eancia Nacional de Vigil\u00e2ncia Sanit\u00e1ria emitiu uma nota t\u00e9cnica que permitiu que os laborat\u00f3rios de ensino e extens\u00e3o pudessem se adaptar e trabalhar para apoiar as a\u00e7\u00f5es de enfrentamento da Covid-19.\u201d<\/p>\n<p><strong>Viseira de prote\u00e7\u00e3o<\/strong><\/p>\n<p>As viseiras de prote\u00e7\u00e3o (<em>face shields<\/em>) s\u00e3o protetores faciais reutiliz\u00e1veis e ajust\u00e1veis, de uso individual, que impedem que got\u00edculas \u2013 como as emitidas pela saliva ou por meio de tosse ou espirro, por exemplo \u2013 entrem em contato com o rosto do usu\u00e1rio, evitando que regi\u00f5es como o nariz, a boca e os olhos sejam atingidas.<\/p>\n<p>Na UFJF, o Grupo de Rob\u00f3tica Inteligente (GRIN) e o Laborat\u00f3rio de Modelagem Digital e Prototipagem (Laprot) produzem viseiras de prote\u00e7\u00e3o e entregam os produtos para uma s\u00e9rie de hospitais e institui\u00e7\u00f5es de sa\u00fade. At\u00e9 o momento da publica\u00e7\u00e3o desta mat\u00e9ria, 13.177 viseiras foram produzidas e, entre estas, 10.108 j\u00e1 foram distribu\u00eddas. A lista de institutos que recebem os produtos est\u00e1 dispon\u00edvel on-line e \u00e9 atualizada semanalmente.<\/p>\n<p>&nbsp;<\/p>\n<p><strong>Fonte:\u00a0<\/strong>Assessoria<\/p>\n","protected":false},"excerpt":{"rendered":"<p>Em um esfor\u00e7o institucional para combater o novo coronav\u00edrus, diversos setores da Universidade Federal de Juiz de Fora (UFJF) est\u00e3o mobilizados na produ\u00e7\u00e3o e na distribui\u00e7\u00e3o gratuita de materiais essenciais para profissionais e pacientes do sistema de sa\u00fade. Al\u00e9m de integrar a rede de diagn\u00f3stico da Covid-19 do estado de Minas Gerais, com dois laborat\u00f3rios [&hellip;]<\/p>\n","protected":false},"author":96,"featured_media":159282,"comment_status":"closed","ping_status":"closed","sticky":false,"template":"","format":"standard","meta":{"footnotes":""},"categories":[253,436,439],"tags":[],"class_list":["post-160634","post","type-post","status-publish","format-standard","has-post-thumbnail","hentry","category-cidade","category-destaque-da-semana","category-ultima-hora"],"_links":{"self":[{"href":"https:\/\/diarioregionaldigital.com.br\/index.php?rest_route=\/wp\/v2\/posts\/160634","targetHints":{"allow":["GET"]}}],"collection":[{"href":"https:\/\/diarioregionaldigital.com.br\/index.php?rest_route=\/wp\/v2\/posts"}],"about":[{"href":"https:\/\/diarioregionaldigital.com.br\/index.php?rest_route=\/wp\/v2\/types\/post"}],"author":[{"embeddable":true,"href":"https:\/\/diarioregionaldigital.com.br\/index.php?rest_route=\/wp\/v2\/users\/96"}],"replies":[{"embeddable":true,"href":"https:\/\/diarioregionaldigital.com.br\/index.php?rest_route=%2Fwp%2Fv2%2Fcomments&post=160634"}],"version-history":[{"count":0,"href":"https:\/\/diarioregionaldigital.com.br\/index.php?rest_route=\/wp\/v2\/posts\/160634\/revisions"}],"wp:featuredmedia":[{"embeddable":true,"href":"https:\/\/diarioregionaldigital.com.br\/index.php?rest_route=\/wp\/v2\/media\/159282"}],"wp:attachment":[{"href":"https:\/\/diarioregionaldigital.com.br\/index.php?rest_route=%2Fwp%2Fv2%2Fmedia&parent=160634"}],"wp:term":[{"taxonomy":"category","embeddable":true,"href":"https:\/\/diarioregionaldigital.com.br\/index.php?rest_route=%2Fwp%2Fv2%2Fcategories&post=160634"},{"taxonomy":"post_tag","embeddable":true,"href":"https:\/\/diarioregionaldigital.com.br\/index.php?rest_route=%2Fwp%2Fv2%2Ftags&post=160634"}],"curies":[{"name":"wp","href":"https:\/\/api.w.org\/{rel}","templated":true}]}}