{"id":160631,"date":"2020-05-20T14:16:31","date_gmt":"2020-05-20T17:16:31","guid":{"rendered":"https:\/\/diarioregionaldigital.com.br\/?p=160631"},"modified":"2020-05-20T14:16:31","modified_gmt":"2020-05-20T17:16:31","slug":"projeto-de-lei-determina-medicao-de-temperatura-corporal-antes-da-entrada-em-mercados-e-bancos","status":"publish","type":"post","link":"https:\/\/diarioregionaldigital.com.br\/?p=160631","title":{"rendered":"Projeto de lei determina medi\u00e7\u00e3o de temperatura corporal antes da entrada em mercados e bancos"},"content":{"rendered":"<p><span style=\"font-weight: 400;\">O projeto de lei apresentado em reuni\u00e3o na C\u00e2mara Municipal de Juiz de Fora, obriga estabelecimentos privados a medir a temperatura corporal dos consumidores antes de liberar a entrada no local. A proposta, que visa a reduzir a dissemina\u00e7\u00e3o do novo Coronav\u00edrus em Juiz de Fora, \u00e9 do vereador Marlon Siqueira (PP).\u00a0<\/span><\/p>\n<p><span style=\"font-weight: 400;\">A medida ser\u00e1 aplicada na entrada de bancos, supermercados e hipermercados acima de 1.000 m\u00b2 enquanto durar a situa\u00e7\u00e3o de emerg\u00eancia em sa\u00fade p\u00fablica no munic\u00edpio. Caso a temperatura do cliente esteja superior a 37,8\u00baC, o funcion\u00e1rio do estabelecimento deve buscar o servi\u00e7o do Disque Coronav\u00edrus ou do Busca Sa\u00fade para que o consumidor receba as orienta\u00e7\u00f5es necess\u00e1rias.\u00a0<\/span><\/p>\n<p><span style=\"font-weight: 400;\">Para medir a temperatura corporal dos clientes dever\u00e1 ser o utilizado o term\u00f4metro digital infravermelho, que possibilita que a medi\u00e7\u00e3o aconte\u00e7a com o menor contato poss\u00edvel entre o funcion\u00e1rio e o consumidor. Conforme explica Marlon Siqueira, o objetivo da iniciativa \u00e9 proteger a coletividade durante a pandemia. \u201cA proposta se justifica pelo fato de que o Legislativo precisa e deve se preocupar e observar todas as demandas oriundas da popula\u00e7\u00e3o municipal\u201d, defende.\u00a0<\/span><\/p>\n<p><span style=\"font-weight: 400;\">O estabelecimento que descumprir a lei ser\u00e1 advertido e, em caso de reincid\u00eancia, estar\u00e1 sujeito a multa de R$ 500. Os valores decorrentes da multa ser\u00e3o destinados ao Fundo Municipal de Sa\u00fade. A proposta ser\u00e1 avaliada pelas comiss\u00f5es tem\u00e1ticas da C\u00e2mara Municipal e, em seguida, seguir\u00e1 para vota\u00e7\u00e3o no Plen\u00e1rio.<\/span><\/p>\n<p>&nbsp;<\/p>\n<p><strong>Fonte:\u00a0<\/strong>Assessoria<\/p>\n","protected":false},"excerpt":{"rendered":"<p>O projeto de lei apresentado em reuni\u00e3o na C\u00e2mara Municipal de Juiz de Fora, obriga estabelecimentos privados a medir a temperatura corporal dos consumidores antes de liberar a entrada no local. A proposta, que visa a reduzir a dissemina\u00e7\u00e3o do novo Coronav\u00edrus em Juiz de Fora, \u00e9 do vereador Marlon Siqueira (PP).\u00a0 A medida ser\u00e1 [&hellip;]<\/p>\n","protected":false},"author":96,"featured_media":160632,"comment_status":"closed","ping_status":"closed","sticky":false,"template":"","format":"standard","meta":{"footnotes":""},"categories":[253,436,440,439],"tags":[],"class_list":["post-160631","post","type-post","status-publish","format-standard","has-post-thumbnail","hentry","category-cidade","category-destaque-da-semana","category-destaques-do-dia","category-ultima-hora"],"_links":{"self":[{"href":"https:\/\/diarioregionaldigital.com.br\/index.php?rest_route=\/wp\/v2\/posts\/160631","targetHints":{"allow":["GET"]}}],"collection":[{"href":"https:\/\/diarioregionaldigital.com.br\/index.php?rest_route=\/wp\/v2\/posts"}],"about":[{"href":"https:\/\/diarioregionaldigital.com.br\/index.php?rest_route=\/wp\/v2\/types\/post"}],"author":[{"embeddable":true,"href":"https:\/\/diarioregionaldigital.com.br\/index.php?rest_route=\/wp\/v2\/users\/96"}],"replies":[{"embeddable":true,"href":"https:\/\/diarioregionaldigital.com.br\/index.php?rest_route=%2Fwp%2Fv2%2Fcomments&post=160631"}],"version-history":[{"count":0,"href":"https:\/\/diarioregionaldigital.com.br\/index.php?rest_route=\/wp\/v2\/posts\/160631\/revisions"}],"wp:featuredmedia":[{"embeddable":true,"href":"https:\/\/diarioregionaldigital.com.br\/index.php?rest_route=\/wp\/v2\/media\/160632"}],"wp:attachment":[{"href":"https:\/\/diarioregionaldigital.com.br\/index.php?rest_route=%2Fwp%2Fv2%2Fmedia&parent=160631"}],"wp:term":[{"taxonomy":"category","embeddable":true,"href":"https:\/\/diarioregionaldigital.com.br\/index.php?rest_route=%2Fwp%2Fv2%2Fcategories&post=160631"},{"taxonomy":"post_tag","embeddable":true,"href":"https:\/\/diarioregionaldigital.com.br\/index.php?rest_route=%2Fwp%2Fv2%2Ftags&post=160631"}],"curies":[{"name":"wp","href":"https:\/\/api.w.org\/{rel}","templated":true}]}}