{"id":160629,"date":"2020-05-20T14:07:30","date_gmt":"2020-05-20T17:07:30","guid":{"rendered":"https:\/\/diarioregionaldigital.com.br\/?p=160629"},"modified":"2020-05-20T14:07:30","modified_gmt":"2020-05-20T17:07:30","slug":"adolescente-e-abordado-por-dois-individuos-em-roubo-no-benfica","status":"publish","type":"post","link":"https:\/\/diarioregionaldigital.com.br\/?p=160629","title":{"rendered":"Adolescente \u00e9 abordado por dois indiv\u00edduos em roubo no Benfica"},"content":{"rendered":"<p><span style=\"font-weight: 400;\">Um adolescente de 17 anos, foi v\u00edtima de roubo na madrugada desta quarta-feira (20), na Rua Martins Barbosa, no Bairro Benfica (Regi\u00e3o Noroeste). A v\u00edtima relatou \u00e0 PM que estava transitando pelo local, quando foi abordada por dois indiv\u00edduos, sendo que um deles estava de bicicleta e aproximou-se por tr\u00e1s. O segundo indiv\u00edduo veio pela frente com um artefato, aparentando ser uma arma de fogo.<\/span><\/p>\n<p><span style=\"font-weight: 400;\">Durante a abordagem, o autor com artefato amea\u00e7ou a v\u00edtima e exigiu o aparelho celular. Logo ap\u00f3s o ato, os autores evadiram sentido Bairro Vila Esperan\u00e7a (Regi\u00e3o Noroeste). Em relato \u00e0 PM, o adolescente reconheceu um dos suspeitos como autor, de 16 anos, por\u00e9m se mostrou receoso por conhec\u00ea-lo de vista. Os policiais fizeram rastreamento, mas at\u00e9 ent\u00e3o n\u00e3o encontraram os infratores.<\/span><\/p>\n","protected":false},"excerpt":{"rendered":"<p>Um adolescente de 17 anos, foi v\u00edtima de roubo na madrugada desta quarta-feira (20), na Rua Martins Barbosa, no Bairro Benfica (Regi\u00e3o Noroeste). A v\u00edtima relatou \u00e0 PM que estava transitando pelo local, quando foi abordada por dois indiv\u00edduos, sendo que um deles estava de bicicleta e aproximou-se por tr\u00e1s. O segundo indiv\u00edduo veio pela [&hellip;]<\/p>\n","protected":false},"author":96,"featured_media":97342,"comment_status":"closed","ping_status":"closed","sticky":false,"template":"","format":"standard","meta":{"footnotes":""},"categories":[301,436,439],"tags":[],"class_list":["post-160629","post","type-post","status-publish","format-standard","has-post-thumbnail","hentry","category-artigos-policiais","category-destaque-da-semana","category-ultima-hora"],"_links":{"self":[{"href":"https:\/\/diarioregionaldigital.com.br\/index.php?rest_route=\/wp\/v2\/posts\/160629","targetHints":{"allow":["GET"]}}],"collection":[{"href":"https:\/\/diarioregionaldigital.com.br\/index.php?rest_route=\/wp\/v2\/posts"}],"about":[{"href":"https:\/\/diarioregionaldigital.com.br\/index.php?rest_route=\/wp\/v2\/types\/post"}],"author":[{"embeddable":true,"href":"https:\/\/diarioregionaldigital.com.br\/index.php?rest_route=\/wp\/v2\/users\/96"}],"replies":[{"embeddable":true,"href":"https:\/\/diarioregionaldigital.com.br\/index.php?rest_route=%2Fwp%2Fv2%2Fcomments&post=160629"}],"version-history":[{"count":0,"href":"https:\/\/diarioregionaldigital.com.br\/index.php?rest_route=\/wp\/v2\/posts\/160629\/revisions"}],"wp:featuredmedia":[{"embeddable":true,"href":"https:\/\/diarioregionaldigital.com.br\/index.php?rest_route=\/wp\/v2\/media\/97342"}],"wp:attachment":[{"href":"https:\/\/diarioregionaldigital.com.br\/index.php?rest_route=%2Fwp%2Fv2%2Fmedia&parent=160629"}],"wp:term":[{"taxonomy":"category","embeddable":true,"href":"https:\/\/diarioregionaldigital.com.br\/index.php?rest_route=%2Fwp%2Fv2%2Fcategories&post=160629"},{"taxonomy":"post_tag","embeddable":true,"href":"https:\/\/diarioregionaldigital.com.br\/index.php?rest_route=%2Fwp%2Fv2%2Ftags&post=160629"}],"curies":[{"name":"wp","href":"https:\/\/api.w.org\/{rel}","templated":true}]}}