{"id":160627,"date":"2020-05-20T14:05:20","date_gmt":"2020-05-20T17:05:20","guid":{"rendered":"https:\/\/diarioregionaldigital.com.br\/?p=160627"},"modified":"2020-05-20T14:05:20","modified_gmt":"2020-05-20T17:05:20","slug":"mulher-e-agredida-durante-roubo-no-sao-mateus","status":"publish","type":"post","link":"https:\/\/diarioregionaldigital.com.br\/?p=160627","title":{"rendered":"Mulher \u00e9 agredida durante roubo no S\u00e3o Mateus"},"content":{"rendered":"<p><span style=\"font-weight: 400;\">Uma mulher de 34 anos, foi v\u00edtima de agress\u00e3o durante um roubo na Rua Monsenhor Gustavo Freire, na noite de segunda-feira (18), no Bairro S\u00e3o Mateus (Regi\u00e3o Central). A v\u00edtima relatou \u00e0 PM que foi abordada por um indiv\u00edduo trajando bon\u00e9 vermelho e blusa verde e que estava armado com uma faca. Em um determinado momento, o infrator agrediu a v\u00edtima e roubou o celular. O autor fugiu do local tomando rumo ignorado.\u00a0<\/span><\/p>\n","protected":false},"excerpt":{"rendered":"<p>Uma mulher de 34 anos, foi v\u00edtima de agress\u00e3o durante um roubo na Rua Monsenhor Gustavo Freire, na noite de segunda-feira (18), no Bairro S\u00e3o Mateus (Regi\u00e3o Central). A v\u00edtima relatou \u00e0 PM que foi abordada por um indiv\u00edduo trajando bon\u00e9 vermelho e blusa verde e que estava armado com uma faca. Em um determinado [&hellip;]<\/p>\n","protected":false},"author":96,"featured_media":97342,"comment_status":"closed","ping_status":"closed","sticky":false,"template":"","format":"standard","meta":{"footnotes":""},"categories":[301,436,439],"tags":[],"class_list":["post-160627","post","type-post","status-publish","format-standard","has-post-thumbnail","hentry","category-artigos-policiais","category-destaque-da-semana","category-ultima-hora"],"_links":{"self":[{"href":"https:\/\/diarioregionaldigital.com.br\/index.php?rest_route=\/wp\/v2\/posts\/160627","targetHints":{"allow":["GET"]}}],"collection":[{"href":"https:\/\/diarioregionaldigital.com.br\/index.php?rest_route=\/wp\/v2\/posts"}],"about":[{"href":"https:\/\/diarioregionaldigital.com.br\/index.php?rest_route=\/wp\/v2\/types\/post"}],"author":[{"embeddable":true,"href":"https:\/\/diarioregionaldigital.com.br\/index.php?rest_route=\/wp\/v2\/users\/96"}],"replies":[{"embeddable":true,"href":"https:\/\/diarioregionaldigital.com.br\/index.php?rest_route=%2Fwp%2Fv2%2Fcomments&post=160627"}],"version-history":[{"count":0,"href":"https:\/\/diarioregionaldigital.com.br\/index.php?rest_route=\/wp\/v2\/posts\/160627\/revisions"}],"wp:featuredmedia":[{"embeddable":true,"href":"https:\/\/diarioregionaldigital.com.br\/index.php?rest_route=\/wp\/v2\/media\/97342"}],"wp:attachment":[{"href":"https:\/\/diarioregionaldigital.com.br\/index.php?rest_route=%2Fwp%2Fv2%2Fmedia&parent=160627"}],"wp:term":[{"taxonomy":"category","embeddable":true,"href":"https:\/\/diarioregionaldigital.com.br\/index.php?rest_route=%2Fwp%2Fv2%2Fcategories&post=160627"},{"taxonomy":"post_tag","embeddable":true,"href":"https:\/\/diarioregionaldigital.com.br\/index.php?rest_route=%2Fwp%2Fv2%2Ftags&post=160627"}],"curies":[{"name":"wp","href":"https:\/\/api.w.org\/{rel}","templated":true}]}}