{"id":160625,"date":"2020-05-20T13:46:08","date_gmt":"2020-05-20T16:46:08","guid":{"rendered":"https:\/\/diarioregionaldigital.com.br\/?p=160625"},"modified":"2020-05-20T13:46:08","modified_gmt":"2020-05-20T16:46:08","slug":"homem-e-roubado-por-dois-individuos-apos-sair-do-servico","status":"publish","type":"post","link":"https:\/\/diarioregionaldigital.com.br\/?p=160625","title":{"rendered":"Homem \u00e9 roubado por dois indiv\u00edduos ap\u00f3s sair do servi\u00e7o"},"content":{"rendered":"<p><span style=\"font-weight: 400;\">Um homem de 52 anos, foi roubado por dois indiv\u00edduos, ap\u00f3s sair do servi\u00e7o, na noite de ter\u00e7a-feira (19), na Avenida Bar\u00e3o do Rio Branco, no Bairro Centen\u00e1rio (Regi\u00e3o Central). A v\u00edtima relatou \u00e0 Pol\u00edcia Militar (PM) que transitava pelo local ap\u00f3s o servi\u00e7o e em um determinado momento foi abordado por dois indiv\u00edduos. Um deles agarrou a v\u00edtima por tr\u00e1s, com o golpe de \u201cgravata\u201d e o derrubou no ch\u00e3o, enquanto que o outro infrator retirou um celular e a carteira do bolso da v\u00edtima.\u00a0<\/span><\/p>\n<p><span style=\"font-weight: 400;\">Em relato \u00e0 PM, a v\u00edtima n\u00e3o soube repassar caracter\u00edsticas dos autores e que apenas ouviu os dois fugindo do local e um deles chamou o outro pelo nome. Os infratores seguiram para o Bairro Centen\u00e1rio e as viaturas seguem em rastreamento at\u00e9 ent\u00e3o.<\/span><\/p>\n","protected":false},"excerpt":{"rendered":"<p>Um homem de 52 anos, foi roubado por dois indiv\u00edduos, ap\u00f3s sair do servi\u00e7o, na noite de ter\u00e7a-feira (19), na Avenida Bar\u00e3o do Rio Branco, no Bairro Centen\u00e1rio (Regi\u00e3o Central). A v\u00edtima relatou \u00e0 Pol\u00edcia Militar (PM) que transitava pelo local ap\u00f3s o servi\u00e7o e em um determinado momento foi abordado por dois indiv\u00edduos. Um [&hellip;]<\/p>\n","protected":false},"author":96,"featured_media":97342,"comment_status":"closed","ping_status":"closed","sticky":false,"template":"","format":"standard","meta":{"footnotes":""},"categories":[301,436,439],"tags":[],"class_list":["post-160625","post","type-post","status-publish","format-standard","has-post-thumbnail","hentry","category-artigos-policiais","category-destaque-da-semana","category-ultima-hora"],"_links":{"self":[{"href":"https:\/\/diarioregionaldigital.com.br\/index.php?rest_route=\/wp\/v2\/posts\/160625","targetHints":{"allow":["GET"]}}],"collection":[{"href":"https:\/\/diarioregionaldigital.com.br\/index.php?rest_route=\/wp\/v2\/posts"}],"about":[{"href":"https:\/\/diarioregionaldigital.com.br\/index.php?rest_route=\/wp\/v2\/types\/post"}],"author":[{"embeddable":true,"href":"https:\/\/diarioregionaldigital.com.br\/index.php?rest_route=\/wp\/v2\/users\/96"}],"replies":[{"embeddable":true,"href":"https:\/\/diarioregionaldigital.com.br\/index.php?rest_route=%2Fwp%2Fv2%2Fcomments&post=160625"}],"version-history":[{"count":0,"href":"https:\/\/diarioregionaldigital.com.br\/index.php?rest_route=\/wp\/v2\/posts\/160625\/revisions"}],"wp:featuredmedia":[{"embeddable":true,"href":"https:\/\/diarioregionaldigital.com.br\/index.php?rest_route=\/wp\/v2\/media\/97342"}],"wp:attachment":[{"href":"https:\/\/diarioregionaldigital.com.br\/index.php?rest_route=%2Fwp%2Fv2%2Fmedia&parent=160625"}],"wp:term":[{"taxonomy":"category","embeddable":true,"href":"https:\/\/diarioregionaldigital.com.br\/index.php?rest_route=%2Fwp%2Fv2%2Fcategories&post=160625"},{"taxonomy":"post_tag","embeddable":true,"href":"https:\/\/diarioregionaldigital.com.br\/index.php?rest_route=%2Fwp%2Fv2%2Ftags&post=160625"}],"curies":[{"name":"wp","href":"https:\/\/api.w.org\/{rel}","templated":true}]}}