{"id":160623,"date":"2020-05-20T13:37:21","date_gmt":"2020-05-20T16:37:21","guid":{"rendered":"https:\/\/diarioregionaldigital.com.br\/?p=160623"},"modified":"2020-05-20T13:37:21","modified_gmt":"2020-05-20T16:37:21","slug":"motorista-de-taxi-e-abordado-com-faca-no-bairro-bonfim","status":"publish","type":"post","link":"https:\/\/diarioregionaldigital.com.br\/?p=160623","title":{"rendered":"Motorista de t\u00e1xi \u00e9 abordado com faca no Bairro Bonfim"},"content":{"rendered":"<p><span style=\"font-weight: 400;\">Um motorista de t\u00e1xi de 61 anos de idade, foi v\u00edtima de roubo e de amea\u00e7a no Bairro Bonfim (Regi\u00e3o Leste), na manh\u00e3 dessa ter\u00e7a-feira (19) em Juiz de Fora. A v\u00edtima relatou \u00e0 Pol\u00edcia Militar, que estava dentro do ve\u00edculo, estacionado pr\u00f3ximo \u00e0 Igreja Santa Rita. Instantes depois, notou que um indiv\u00edduo magro, trajando blusa de frio listrada, andava em sentido ao Bairro Santa Rita (Regi\u00e3o Leste) e passou em frente ao ve\u00edculo.\u00a0<\/span><\/p>\n<p><span style=\"font-weight: 400;\">Ao perceber que a v\u00edtima estava distra\u00edda, o autor retirou uma faca do bolso e anunciou o roubo, colocando a arma no pesco\u00e7o do motorista. Logo em seguida, o suspeito roubou o celular da v\u00edtima e fugiu correndo em dire\u00e7\u00e3o ao Bairro Santa Rita. O motorista repassou aos militares uma filmagem de dentro do autom\u00f3vel, que comprova todo o ocorrido. Ap\u00f3s o ocorrido, a PM iniciou rastreamento mas at\u00e9 ent\u00e3o o suspeito n\u00e3o foi localizado.<\/span><\/p>\n","protected":false},"excerpt":{"rendered":"<p>Um motorista de t\u00e1xi de 61 anos de idade, foi v\u00edtima de roubo e de amea\u00e7a no Bairro Bonfim (Regi\u00e3o Leste), na manh\u00e3 dessa ter\u00e7a-feira (19) em Juiz de Fora. A v\u00edtima relatou \u00e0 Pol\u00edcia Militar, que estava dentro do ve\u00edculo, estacionado pr\u00f3ximo \u00e0 Igreja Santa Rita. Instantes depois, notou que um indiv\u00edduo magro, trajando [&hellip;]<\/p>\n","protected":false},"author":96,"featured_media":97342,"comment_status":"closed","ping_status":"closed","sticky":false,"template":"","format":"standard","meta":{"footnotes":""},"categories":[301,436,439],"tags":[],"class_list":["post-160623","post","type-post","status-publish","format-standard","has-post-thumbnail","hentry","category-artigos-policiais","category-destaque-da-semana","category-ultima-hora"],"_links":{"self":[{"href":"https:\/\/diarioregionaldigital.com.br\/index.php?rest_route=\/wp\/v2\/posts\/160623","targetHints":{"allow":["GET"]}}],"collection":[{"href":"https:\/\/diarioregionaldigital.com.br\/index.php?rest_route=\/wp\/v2\/posts"}],"about":[{"href":"https:\/\/diarioregionaldigital.com.br\/index.php?rest_route=\/wp\/v2\/types\/post"}],"author":[{"embeddable":true,"href":"https:\/\/diarioregionaldigital.com.br\/index.php?rest_route=\/wp\/v2\/users\/96"}],"replies":[{"embeddable":true,"href":"https:\/\/diarioregionaldigital.com.br\/index.php?rest_route=%2Fwp%2Fv2%2Fcomments&post=160623"}],"version-history":[{"count":0,"href":"https:\/\/diarioregionaldigital.com.br\/index.php?rest_route=\/wp\/v2\/posts\/160623\/revisions"}],"wp:featuredmedia":[{"embeddable":true,"href":"https:\/\/diarioregionaldigital.com.br\/index.php?rest_route=\/wp\/v2\/media\/97342"}],"wp:attachment":[{"href":"https:\/\/diarioregionaldigital.com.br\/index.php?rest_route=%2Fwp%2Fv2%2Fmedia&parent=160623"}],"wp:term":[{"taxonomy":"category","embeddable":true,"href":"https:\/\/diarioregionaldigital.com.br\/index.php?rest_route=%2Fwp%2Fv2%2Fcategories&post=160623"},{"taxonomy":"post_tag","embeddable":true,"href":"https:\/\/diarioregionaldigital.com.br\/index.php?rest_route=%2Fwp%2Fv2%2Ftags&post=160623"}],"curies":[{"name":"wp","href":"https:\/\/api.w.org\/{rel}","templated":true}]}}