{"id":160620,"date":"2020-05-20T13:19:58","date_gmt":"2020-05-20T16:19:58","guid":{"rendered":"https:\/\/diarioregionaldigital.com.br\/?p=160620"},"modified":"2020-05-20T13:19:58","modified_gmt":"2020-05-20T16:19:58","slug":"queda-da-atividade-industrial-tem-novo-recorde-em-abril-diz-cni","status":"publish","type":"post","link":"https:\/\/diarioregionaldigital.com.br\/?p=160620","title":{"rendered":"Queda da atividade industrial tem novo recorde em abril, diz CNI"},"content":{"rendered":"<p><span style=\"font-weight: 400;\">A pesquisa Sondagem Industrial mostra um recuo sem precedentes na atividade industrial brasileira na passagem de mar\u00e7o para abril deste ano, devido aos efeitos da crise provocada pelo novo coronav\u00edrus, informou hoje (20) a Confedera\u00e7\u00e3o Nacional da Ind\u00fastria (CNI).<\/span><\/p>\n<p><span style=\"font-weight: 400;\">O \u00edndice de evolu\u00e7\u00e3o da produ\u00e7\u00e3o registrou 26 pontos em uma escala de 0 a 100. Nessa metodologia, os valores abaixo de 50 pontos mostram queda.<\/span><\/p>\n<p><span style=\"font-weight: 400;\">A nova contra\u00e7\u00e3o da atividade industrial provocou o recuo de 9 pontos percentuais da utiliza\u00e7\u00e3o da capacidade instalada de mar\u00e7o para abril, indo para 49%. Esse dado indica que mais da metade da capacidade instalada da ind\u00fastria ficou ociosa em abril. E a forte queda no n\u00famero de empregados levou o \u00edndice para 38,2 pontos em abril, bem distante da linha divis\u00f3ria de 50 pontos. Esse \u00e9 o menor de toda a s\u00e9rie mensal iniciada em 2011.<\/span><\/p>\n<p><span style=\"font-weight: 400;\">\u201cA maior dissemina\u00e7\u00e3o da crise entre as empresas no m\u00eas de abril era esperada, pois, no in\u00edcio de mar\u00e7o, grande parte da ind\u00fastria ainda n\u00e3o tinha sentido a queda na demanda. Em abril, as empresas passaram todo o m\u00eas sob os efeitos das medidas de distanciamento social\u201d, disse o gerente executivo de Pesquisa e Competitividade, Renato da Fonseca, em nota.<\/span><\/p>\n<p><span style=\"font-weight: 400;\">Apesar disso, acrescenta a CNI, os \u00edndices que medem as expectativas tiveram uma ligeira melhora. No entanto, essa melhora j\u00e1 era esperada \u201cem raz\u00e3o da forte queda dos meses anteriores\u201d.<\/span><\/p>\n<p><b>Expectativas<\/b><\/p>\n<p><span style=\"font-weight: 400;\">O \u00edndice de expectativa de demanda registrou crescimento de 3,2 pontos, para 35,1 pontos. Indicadores abaixo de 50 pontos retratam pessimismo do empresariado. Ou seja, a expectativa \u00e9 de queda na demanda.\u00a0<\/span><\/p>\n<p><span style=\"font-weight: 400;\">O \u00edndice de expectativa de n\u00famero de empregados cresceu 2,9 pontos na compara\u00e7\u00e3o com abril, e foi para 38,1 pontos, enquanto o de compras de mat\u00e9rias-primas cresceu 1,4 ponto, para 34,7 pontos.<\/span><\/p>\n<p><span style=\"font-weight: 400;\">Segundo a CNI, o \u00edndice de inten\u00e7\u00e3o de investimentos reflete os efeitos da pandemia sobre a atividade, a elevada incerteza e o consequente pessimismo dos empres\u00e1rios.\u00a0<\/span><\/p>\n<p><span style=\"font-weight: 400;\">O \u00edndice praticamente n\u00e3o se alterou em maio, ap\u00f3s a forte queda de abril. O indicador havia recuado de 58,3 pontos em mar\u00e7o, para 36,7 pontos, em abril e agora encontra-se em 36,9 pontos.<\/span><\/p>\n<p>&nbsp;<\/p>\n<p><strong>Fonte:<\/strong>\u00a0Ag\u00eancia Brasil<\/p>\n","protected":false},"excerpt":{"rendered":"<p>A pesquisa Sondagem Industrial mostra um recuo sem precedentes na atividade industrial brasileira na passagem de mar\u00e7o para abril deste ano, devido aos efeitos da crise provocada pelo novo coronav\u00edrus, informou hoje (20) a Confedera\u00e7\u00e3o Nacional da Ind\u00fastria (CNI). O \u00edndice de evolu\u00e7\u00e3o da produ\u00e7\u00e3o registrou 26 pontos em uma escala de 0 a 100. [&hellip;]<\/p>\n","protected":false},"author":96,"featured_media":160621,"comment_status":"closed","ping_status":"closed","sticky":false,"template":"","format":"standard","meta":{"footnotes":""},"categories":[436,261,439],"tags":[],"class_list":["post-160620","post","type-post","status-publish","format-standard","has-post-thumbnail","hentry","category-destaque-da-semana","category-economia","category-ultima-hora"],"_links":{"self":[{"href":"https:\/\/diarioregionaldigital.com.br\/index.php?rest_route=\/wp\/v2\/posts\/160620","targetHints":{"allow":["GET"]}}],"collection":[{"href":"https:\/\/diarioregionaldigital.com.br\/index.php?rest_route=\/wp\/v2\/posts"}],"about":[{"href":"https:\/\/diarioregionaldigital.com.br\/index.php?rest_route=\/wp\/v2\/types\/post"}],"author":[{"embeddable":true,"href":"https:\/\/diarioregionaldigital.com.br\/index.php?rest_route=\/wp\/v2\/users\/96"}],"replies":[{"embeddable":true,"href":"https:\/\/diarioregionaldigital.com.br\/index.php?rest_route=%2Fwp%2Fv2%2Fcomments&post=160620"}],"version-history":[{"count":0,"href":"https:\/\/diarioregionaldigital.com.br\/index.php?rest_route=\/wp\/v2\/posts\/160620\/revisions"}],"wp:featuredmedia":[{"embeddable":true,"href":"https:\/\/diarioregionaldigital.com.br\/index.php?rest_route=\/wp\/v2\/media\/160621"}],"wp:attachment":[{"href":"https:\/\/diarioregionaldigital.com.br\/index.php?rest_route=%2Fwp%2Fv2%2Fmedia&parent=160620"}],"wp:term":[{"taxonomy":"category","embeddable":true,"href":"https:\/\/diarioregionaldigital.com.br\/index.php?rest_route=%2Fwp%2Fv2%2Fcategories&post=160620"},{"taxonomy":"post_tag","embeddable":true,"href":"https:\/\/diarioregionaldigital.com.br\/index.php?rest_route=%2Fwp%2Fv2%2Ftags&post=160620"}],"curies":[{"name":"wp","href":"https:\/\/api.w.org\/{rel}","templated":true}]}}