{"id":160614,"date":"2020-05-20T11:06:49","date_gmt":"2020-05-20T14:06:49","guid":{"rendered":"https:\/\/diarioregionaldigital.com.br\/?p=160614"},"modified":"2020-05-20T18:58:02","modified_gmt":"2020-05-20T21:58:02","slug":"estado-confirma-mais-dez-mortes-em-minas-gerais","status":"publish","type":"post","link":"https:\/\/diarioregionaldigital.com.br\/?p=160614","title":{"rendered":"Estado confirma mais dez mortes em Minas Gerais"},"content":{"rendered":"<p>O novo boletim epidemiol\u00f3gico divulgado nesta quarta-feira (20), pela Secretaria de Estado da Sa\u00fade de Minas Gerais (SES-MG), aponta que Minas Gerais obteve mais 10 \u00f3bitos confirmados, sendo a maioria deles em Juiz de Fora (idosas de 72, 74 e 79 anos, homem de 56 e idoso de 65 anos), Mar de Espanha (idosa de 76 anos), Leopoldina (idoso de 65 anos), Lavras (homem de 56 anos) e Belo Horizonte (homem de 48 e idoso de 62 anos). Conforme o <a href=\"https:\/\/www.saude.mg.gov.br\/images\/noticias_e_eventos\/000_2020\/Boletins_Corona\/Boletim_Epidemiologico_COVID-19_20.05.2020.pdf\">levantamento<\/a>, o estado j\u00e1 tem 5.286 casos confirmados de Coronav\u00edrus. O aumento foi de 309 novos casos, na compara\u00e7\u00e3o com ontem (19).<\/p>\n<p>Conforme o levantamento, 2.766 pacientes est\u00e3o recuperados, o total representa 52,32% dos casos confirmados. Al\u00e9m disso, foram feitos 18.257 testes laboratoriais, sendo que 1.080 deram resultado positivo e 16.540 deram negativo para Coronav\u00edrus.<\/p>\n<p>Os\u00a0dados atualizados\u00a0referentes a \u00f3bitos confirmados em Minas Gerais podem ser conferidos no anexo abaixo.<\/p>\n<div><a style=\"font-size: 15px;\" href=\"https:\/\/diarioregionaldigital.com.br\/wp-content\/uploads\/2020\/05\/OBITOS_CONF_COVID-19_MG_20.05.2020.xls\">OBITOS_CONF_COVID-19_MG_20.05.2020<\/a><\/div>\n<div class=\"the_champ_sharing_container the_champ_horizontal_sharing\"><\/div>\n","protected":false},"excerpt":{"rendered":"<p>O novo boletim epidemiol\u00f3gico divulgado nesta quarta-feira (20), pela Secretaria de Estado da Sa\u00fade de Minas Gerais (SES-MG), aponta que Minas Gerais obteve mais 10 \u00f3bitos confirmados, sendo a maioria deles em Juiz de Fora (idosas de 72, 74 e 79 anos, homem de 56 e idoso de 65 anos), Mar de Espanha (idosa de [&hellip;]<\/p>\n","protected":false},"author":96,"featured_media":159027,"comment_status":"closed","ping_status":"closed","sticky":false,"template":"","format":"standard","meta":{"footnotes":""},"categories":[436,440,252,439],"tags":[],"class_list":["post-160614","post","type-post","status-publish","format-standard","has-post-thumbnail","hentry","category-destaque-da-semana","category-destaques-do-dia","category-regiao","category-ultima-hora"],"_links":{"self":[{"href":"https:\/\/diarioregionaldigital.com.br\/index.php?rest_route=\/wp\/v2\/posts\/160614","targetHints":{"allow":["GET"]}}],"collection":[{"href":"https:\/\/diarioregionaldigital.com.br\/index.php?rest_route=\/wp\/v2\/posts"}],"about":[{"href":"https:\/\/diarioregionaldigital.com.br\/index.php?rest_route=\/wp\/v2\/types\/post"}],"author":[{"embeddable":true,"href":"https:\/\/diarioregionaldigital.com.br\/index.php?rest_route=\/wp\/v2\/users\/96"}],"replies":[{"embeddable":true,"href":"https:\/\/diarioregionaldigital.com.br\/index.php?rest_route=%2Fwp%2Fv2%2Fcomments&post=160614"}],"version-history":[{"count":0,"href":"https:\/\/diarioregionaldigital.com.br\/index.php?rest_route=\/wp\/v2\/posts\/160614\/revisions"}],"wp:featuredmedia":[{"embeddable":true,"href":"https:\/\/diarioregionaldigital.com.br\/index.php?rest_route=\/wp\/v2\/media\/159027"}],"wp:attachment":[{"href":"https:\/\/diarioregionaldigital.com.br\/index.php?rest_route=%2Fwp%2Fv2%2Fmedia&parent=160614"}],"wp:term":[{"taxonomy":"category","embeddable":true,"href":"https:\/\/diarioregionaldigital.com.br\/index.php?rest_route=%2Fwp%2Fv2%2Fcategories&post=160614"},{"taxonomy":"post_tag","embeddable":true,"href":"https:\/\/diarioregionaldigital.com.br\/index.php?rest_route=%2Fwp%2Fv2%2Ftags&post=160614"}],"curies":[{"name":"wp","href":"https:\/\/api.w.org\/{rel}","templated":true}]}}