{"id":160607,"date":"2020-05-20T10:40:49","date_gmt":"2020-05-20T13:40:49","guid":{"rendered":"https:\/\/diarioregionaldigital.com.br\/?p=160607"},"modified":"2020-05-20T10:40:49","modified_gmt":"2020-05-20T13:40:49","slug":"medida-provisoria-libera-r-55-bilhoes-para-combate-a-coronavirus","status":"publish","type":"post","link":"https:\/\/diarioregionaldigital.com.br\/?p=160607","title":{"rendered":"Medida provis\u00f3ria libera R$ 5,5 bilh\u00f5es para combate a coronav\u00edrus"},"content":{"rendered":"<p><span style=\"font-weight: 400;\">O presidente Jair Bolsonaro editou uma medida provis\u00f3ria (MP 967\/2020) que libera R$ 5,5 bilh\u00f5es para o Minist\u00e9rio da Sa\u00fade aplicar no combate ao coronav\u00edrus. A mat\u00e9ria foi publicada em edi\u00e7\u00e3o extra do <\/span><i><span style=\"font-weight: 400;\">Di\u00e1rio Oficial da Uni\u00e3o<\/span><\/i><span style=\"font-weight: 400;\"> de ter\u00e7a-feira (19).<\/span><\/p>\n<p><span style=\"font-weight: 400;\">O Fundo Nacional de Sa\u00fade vai receber R$ 4,8 bilh\u00f5es, enquanto a Funda\u00e7\u00e3o Oswaldo Cruz deve ficar com R$ 713,2 milh\u00f5es. O dinheiro deve ser aplicado em aten\u00e7\u00e3o especializada \u00e0 sa\u00fade.<\/span><\/p>\n<p><span style=\"font-weight: 400;\">Para liberar o cr\u00e9dito extraordin\u00e1rio, Bolsonaro cancelou R$ 231,1 milh\u00f5es em repasses a \u00f3rg\u00e3os dos Poderes Executivo e Legislativo. Os minist\u00e9rios da Agricultura, da Sa\u00fade e do Desenvolvimento Regional deixam de receber R$ 81,1 milh\u00f5es que seriam aplicados nas \u00e1reas de agropecu\u00e1ria sustent\u00e1vel, melhorias sanit\u00e1rias e seguran\u00e7a h\u00eddrica.<\/span><\/p>\n<p><span style=\"font-weight: 400;\">A MP 967\/2020 tamb\u00e9m corta R$ 150 milh\u00f5es da C\u00e2mara dos Deputados. O dinheiro seria investido em divulga\u00e7\u00e3o institucional, constru\u00e7\u00e3o de um centro de tecnologia e reforma de im\u00f3veis funcionais.<\/span><\/p>\n<p><span style=\"font-weight: 400;\">Os R$ 5,3 bilh\u00f5es que excedem o cancelamento de despesas ser\u00e3o liberados a partir da contrata\u00e7\u00e3o de opera\u00e7\u00e3o de cr\u00e9dito interna. A medida \u00e9 prevista na Lei de Responsabilidade Fiscal (Lei Complementar 101, de 2000), desde que haja autoriza\u00e7\u00e3o pr\u00e9via na Lei Or\u00e7ament\u00e1ria Anual.<\/span><\/p>\n<p><span style=\"font-weight: 400;\">A MP 967\/2020 pode receber emendas at\u00e9 esta quinta-feira (21). O texto tranca a pauta de vota\u00e7\u00f5es no dia 3 de julho e perde a validade se n\u00e3o for votado at\u00e9 17 de julho. Mas uma decis\u00e3o das Mesas do Senado e da C\u00e2mara estabelece um rito sum\u00e1rio para a aprecia\u00e7\u00e3o das medidas provis\u00f3rias. De acordo com o ato conjunto, as mat\u00e9rias podem ser votadas em at\u00e9 16 dias ap\u00f3s a publica\u00e7\u00e3o.<\/span><\/p>\n<p>&nbsp;<\/p>\n<p><strong>Fonte:<\/strong>\u00a0Ag\u00eancia Senado<\/p>\n","protected":false},"excerpt":{"rendered":"<p>O presidente Jair Bolsonaro editou uma medida provis\u00f3ria (MP 967\/2020) que libera R$ 5,5 bilh\u00f5es para o Minist\u00e9rio da Sa\u00fade aplicar no combate ao coronav\u00edrus. A mat\u00e9ria foi publicada em edi\u00e7\u00e3o extra do Di\u00e1rio Oficial da Uni\u00e3o de ter\u00e7a-feira (19). O Fundo Nacional de Sa\u00fade vai receber R$ 4,8 bilh\u00f5es, enquanto a Funda\u00e7\u00e3o Oswaldo Cruz [&hellip;]<\/p>\n","protected":false},"author":96,"featured_media":160608,"comment_status":"closed","ping_status":"closed","sticky":false,"template":"","format":"standard","meta":{"footnotes":""},"categories":[436,440,254,439],"tags":[],"class_list":["post-160607","post","type-post","status-publish","format-standard","has-post-thumbnail","hentry","category-destaque-da-semana","category-destaques-do-dia","category-politica","category-ultima-hora"],"_links":{"self":[{"href":"https:\/\/diarioregionaldigital.com.br\/index.php?rest_route=\/wp\/v2\/posts\/160607","targetHints":{"allow":["GET"]}}],"collection":[{"href":"https:\/\/diarioregionaldigital.com.br\/index.php?rest_route=\/wp\/v2\/posts"}],"about":[{"href":"https:\/\/diarioregionaldigital.com.br\/index.php?rest_route=\/wp\/v2\/types\/post"}],"author":[{"embeddable":true,"href":"https:\/\/diarioregionaldigital.com.br\/index.php?rest_route=\/wp\/v2\/users\/96"}],"replies":[{"embeddable":true,"href":"https:\/\/diarioregionaldigital.com.br\/index.php?rest_route=%2Fwp%2Fv2%2Fcomments&post=160607"}],"version-history":[{"count":0,"href":"https:\/\/diarioregionaldigital.com.br\/index.php?rest_route=\/wp\/v2\/posts\/160607\/revisions"}],"wp:featuredmedia":[{"embeddable":true,"href":"https:\/\/diarioregionaldigital.com.br\/index.php?rest_route=\/wp\/v2\/media\/160608"}],"wp:attachment":[{"href":"https:\/\/diarioregionaldigital.com.br\/index.php?rest_route=%2Fwp%2Fv2%2Fmedia&parent=160607"}],"wp:term":[{"taxonomy":"category","embeddable":true,"href":"https:\/\/diarioregionaldigital.com.br\/index.php?rest_route=%2Fwp%2Fv2%2Fcategories&post=160607"},{"taxonomy":"post_tag","embeddable":true,"href":"https:\/\/diarioregionaldigital.com.br\/index.php?rest_route=%2Fwp%2Fv2%2Ftags&post=160607"}],"curies":[{"name":"wp","href":"https:\/\/api.w.org\/{rel}","templated":true}]}}