{"id":160598,"date":"2020-05-20T10:09:16","date_gmt":"2020-05-20T13:09:16","guid":{"rendered":"https:\/\/diarioregionaldigital.com.br\/?p=160598"},"modified":"2020-05-20T10:09:16","modified_gmt":"2020-05-20T13:09:16","slug":"alerj-rejeita-projeto-que-autorizava-lockdown-no-estado-do-rio","status":"publish","type":"post","link":"https:\/\/diarioregionaldigital.com.br\/?p=160598","title":{"rendered":"Alerj rejeita projeto que autorizava lockdown no estado do Rio"},"content":{"rendered":"<p>Por 55 votos contr\u00e1rios, 13 absten\u00e7\u00f5es e um voto favor\u00e1vel, a maioria dos parlamentares da Assembleia Legislativa do Estado do Rio de Janeiro (Alerj) votou contr\u00e1rio ao projeto de lei que autorizava o governo do Estado a decretar medidas mais r\u00edgidas, conhecida como lockdown, como estrat\u00e9gia para impedir a dissemina\u00e7\u00e3o do novo coronav\u00edrus no estado. A proposta, de autoria do deputado Renan Ferreirinha (PSB), foi arquivada. O \u00fanico voto favor\u00e1vel \u00e0 medida foi do autor da proposta.<\/p>\n<p>A vota\u00e7\u00e3o, como vem acontecendo em todas as sess\u00f5es da Alerj, foi realizada de forma virtual, em respeito \u00e0s medidas de isolamento social. A maioria dos deputados alegou, ao proferir o voto, que j\u00e1 existe uma decis\u00e3o do Supremo Tribunal Federal (STF) autorizando governadores e prefeitos a decretar medidas mais restritivas de isolamento para conter o avan\u00e7o da covid-19.<\/p>\n<p>O texto original da proposta autorizava o Executivo a suspender todas as atividades n\u00e3o essenciais \u00e0 manuten\u00e7\u00e3o da vida e da sa\u00fade e regulamentar os servi\u00e7os p\u00fablicos e atividades essenciais, principalmente sobre hor\u00e1rio de funcionamento e lota\u00e7\u00e3o m\u00e1xima de pessoas.<\/p>\n<p>A medida tamb\u00e9m autorizava o governo a proibir a circula\u00e7\u00e3o de ve\u00edculos particulares, al\u00e9m de fechar a entrada e sa\u00edda de ve\u00edculos no estado do Rio, exceto para a compra de alimentos ou medicamentos, para transporte de pessoas para atendimento \u00e0 sa\u00fade, para desempenho de atividades de seguran\u00e7a, para realizar itiner\u00e1rios de servi\u00e7os essenciais e para caminh\u00f5es ou ambul\u00e2ncias.<\/p>\n<p>A proposta ainda autorizava o governo a adotar san\u00e7\u00f5es quando houvesse infra\u00e7\u00e3o \u00e0s medidas de restri\u00e7\u00e3o, podendo se valer, inclusive, de uso da for\u00e7a policial, caso fosse necess\u00e1rio.<\/p>\n<p>&nbsp;<\/p>\n<p><strong>Fonte:\u00a0<\/strong>Ag\u00eancia Brasil<\/p>\n","protected":false},"excerpt":{"rendered":"<p>Por 55 votos contr\u00e1rios, 13 absten\u00e7\u00f5es e um voto favor\u00e1vel, a maioria dos parlamentares da Assembleia Legislativa do Estado do Rio de Janeiro (Alerj) votou contr\u00e1rio ao projeto de lei que autorizava o governo do Estado a decretar medidas mais r\u00edgidas, conhecida como lockdown, como estrat\u00e9gia para impedir a dissemina\u00e7\u00e3o do novo coronav\u00edrus no estado. [&hellip;]<\/p>\n","protected":false},"author":96,"featured_media":159921,"comment_status":"closed","ping_status":"closed","sticky":false,"template":"","format":"standard","meta":{"footnotes":""},"categories":[302,436,439],"tags":[],"class_list":["post-160598","post","type-post","status-publish","format-standard","has-post-thumbnail","hentry","category-brasil-mundo","category-destaque-da-semana","category-ultima-hora"],"_links":{"self":[{"href":"https:\/\/diarioregionaldigital.com.br\/index.php?rest_route=\/wp\/v2\/posts\/160598","targetHints":{"allow":["GET"]}}],"collection":[{"href":"https:\/\/diarioregionaldigital.com.br\/index.php?rest_route=\/wp\/v2\/posts"}],"about":[{"href":"https:\/\/diarioregionaldigital.com.br\/index.php?rest_route=\/wp\/v2\/types\/post"}],"author":[{"embeddable":true,"href":"https:\/\/diarioregionaldigital.com.br\/index.php?rest_route=\/wp\/v2\/users\/96"}],"replies":[{"embeddable":true,"href":"https:\/\/diarioregionaldigital.com.br\/index.php?rest_route=%2Fwp%2Fv2%2Fcomments&post=160598"}],"version-history":[{"count":0,"href":"https:\/\/diarioregionaldigital.com.br\/index.php?rest_route=\/wp\/v2\/posts\/160598\/revisions"}],"wp:featuredmedia":[{"embeddable":true,"href":"https:\/\/diarioregionaldigital.com.br\/index.php?rest_route=\/wp\/v2\/media\/159921"}],"wp:attachment":[{"href":"https:\/\/diarioregionaldigital.com.br\/index.php?rest_route=%2Fwp%2Fv2%2Fmedia&parent=160598"}],"wp:term":[{"taxonomy":"category","embeddable":true,"href":"https:\/\/diarioregionaldigital.com.br\/index.php?rest_route=%2Fwp%2Fv2%2Fcategories&post=160598"},{"taxonomy":"post_tag","embeddable":true,"href":"https:\/\/diarioregionaldigital.com.br\/index.php?rest_route=%2Fwp%2Fv2%2Ftags&post=160598"}],"curies":[{"name":"wp","href":"https:\/\/api.w.org\/{rel}","templated":true}]}}