{"id":160584,"date":"2020-05-20T06:00:35","date_gmt":"2020-05-20T09:00:35","guid":{"rendered":"https:\/\/diarioregionaldigital.com.br\/?p=160584"},"modified":"2020-05-20T01:11:51","modified_gmt":"2020-05-20T04:11:51","slug":"prefeitura-municipal-de-tocantins-errata-licitacao-no045-20-05-2020","status":"publish","type":"post","link":"https:\/\/diarioregionaldigital.com.br\/?p=160584","title":{"rendered":"Prefeitura Municipal de Tocantins &#8211; Errata &#8211; Licita\u00e7\u00e3o n\u00ba045- 20\/05\/2020"},"content":{"rendered":"<p style=\"text-align: center;\"><strong>PREFEITURA MUNICIPAL DE TOCANTINS-MG<\/strong><\/p>\n<p style=\"text-align: center;\"><strong>ERRATA<\/strong><\/p>\n<p style=\"text-align: center;\"><strong>LICITA\u00c7\u00c3O PROCESSO N\u00ba 045\/2020<\/strong><\/p>\n<p style=\"text-align: center;\"><strong>Modalidade de Preg\u00e3o n\u00b0022\/2020<\/strong><\/p>\n<p style=\"text-align: center;\">O Munic\u00edpio de TOCANTINS-MG, na forma da lei, em raz\u00e3o de ter identificado erro MATERIAL no n\u00famero da modalidade constante no aviso de publica\u00e7\u00e3o anterior, \u00a0faz saber a todos os interessados que onde se l\u00ea Preg\u00e3o n\u00b0019\/2020 deve ser lido Preg\u00e3o n\u00b0022\/2020. Considerando que o termo de refer\u00eancia\u00a0<strong>n\u00e3o<\/strong>\u00a0foi alterado fica mantida a data E hor\u00e1rio designada para o certame TOCANTINS\/MG, 19 de MAIO de 2020.<\/p>\n<p style=\"text-align: center;\">__________________________________________<\/p>\n<p style=\"text-align: center;\"><strong>ANA L\u00daCIA RODRIGUES<\/strong><\/p>\n<p style=\"text-align: center;\"><strong>PREGOEIRA<\/strong><\/p>\n","protected":false},"excerpt":{"rendered":"<p>PREFEITURA MUNICIPAL DE TOCANTINS-MG ERRATA LICITA\u00c7\u00c3O PROCESSO N\u00ba 045\/2020 Modalidade de Preg\u00e3o n\u00b0022\/2020 O Munic\u00edpio de TOCANTINS-MG, na forma da lei, em raz\u00e3o de ter identificado erro MATERIAL no n\u00famero da modalidade constante no aviso de publica\u00e7\u00e3o anterior, \u00a0faz saber a todos os interessados que onde se l\u00ea Preg\u00e3o n\u00b0019\/2020 deve ser lido Preg\u00e3o n\u00b0022\/2020. [&hellip;]<\/p>\n","protected":false},"author":96,"featured_media":0,"comment_status":"closed","ping_status":"closed","sticky":false,"template":"","format":"standard","meta":{"footnotes":""},"categories":[307],"tags":[],"class_list":["post-160584","post","type-post","status-publish","format-standard","hentry","category-editais"],"_links":{"self":[{"href":"https:\/\/diarioregionaldigital.com.br\/index.php?rest_route=\/wp\/v2\/posts\/160584","targetHints":{"allow":["GET"]}}],"collection":[{"href":"https:\/\/diarioregionaldigital.com.br\/index.php?rest_route=\/wp\/v2\/posts"}],"about":[{"href":"https:\/\/diarioregionaldigital.com.br\/index.php?rest_route=\/wp\/v2\/types\/post"}],"author":[{"embeddable":true,"href":"https:\/\/diarioregionaldigital.com.br\/index.php?rest_route=\/wp\/v2\/users\/96"}],"replies":[{"embeddable":true,"href":"https:\/\/diarioregionaldigital.com.br\/index.php?rest_route=%2Fwp%2Fv2%2Fcomments&post=160584"}],"version-history":[{"count":0,"href":"https:\/\/diarioregionaldigital.com.br\/index.php?rest_route=\/wp\/v2\/posts\/160584\/revisions"}],"wp:attachment":[{"href":"https:\/\/diarioregionaldigital.com.br\/index.php?rest_route=%2Fwp%2Fv2%2Fmedia&parent=160584"}],"wp:term":[{"taxonomy":"category","embeddable":true,"href":"https:\/\/diarioregionaldigital.com.br\/index.php?rest_route=%2Fwp%2Fv2%2Fcategories&post=160584"},{"taxonomy":"post_tag","embeddable":true,"href":"https:\/\/diarioregionaldigital.com.br\/index.php?rest_route=%2Fwp%2Fv2%2Ftags&post=160584"}],"curies":[{"name":"wp","href":"https:\/\/api.w.org\/{rel}","templated":true}]}}