{"id":160491,"date":"2020-05-19T13:44:14","date_gmt":"2020-05-19T16:44:14","guid":{"rendered":"https:\/\/diarioregionaldigital.com.br\/?p=160491"},"modified":"2020-05-19T13:44:14","modified_gmt":"2020-05-19T16:44:14","slug":"funed-tem-projetos-aprovados-para-diagnostico-e-tratamento-da-covid-19","status":"publish","type":"post","link":"https:\/\/diarioregionaldigital.com.br\/?p=160491","title":{"rendered":"Funed tem projetos aprovados para diagn\u00f3stico e tratamento da covid-19"},"content":{"rendered":"<p>A Funda\u00e7\u00e3o Ezequiel Dias (Funed) teve dois projetos de pesquisa aprovados na chamada do \u201cPrograma emergencial de apoio a a\u00e7\u00f5es de enfrentamento da pandemia causada pelo novo coronav\u00edrus\u201d, da Funda\u00e7\u00e3o de Amparo \u00e0 Pesquisa do Estado de Minas Gerais (Fapemig). O objetivo da sele\u00e7\u00e3o \u00e9 estimular a coopera\u00e7\u00e3o entre pesquisadores e \u00f3rg\u00e3os de pesquisa, apoiar a\u00e7\u00f5es voltadas ao enfrentamento e \u00e0 redu\u00e7\u00e3o dos danos causados pela covid-19; e incentivar a busca por procedimentos eficazes no combate \u00e0 pandemia.<\/p>\n<p>Os trabalhos aprovados s\u00e3o coordenados pelos pesquisadores S\u00e9rgio Caldas e Luiz Guilherme Heneine, ambos da Diretoria de Pesquisa e Desenvolvimento (DPD). O projeto \u201cUso de ferramenta molecular e desenvolvimento de soro heter\u00f3logo anti-Sars-Cov-2 como estrat\u00e9gia de enfrentamento \u00e0 covid-19\u201d, coordenado por S\u00e9rgio Caldas, tem como potencial impacto o uso de recursos de infraestrutura j\u00e1 dispon\u00edveis na institui\u00e7\u00e3o para desenvolver uma alternativa terap\u00eautica ainda n\u00e3o proposta no contexto da pandemia.<\/p>\n<p>\u201cV\u00e1rios estudos t\u00eam demonstrado que a administra\u00e7\u00e3o passiva de anticorpos policlonais pode melhorar a taxa de sobrevida em infec\u00e7\u00f5es virais graves, sendo vista como uma estrat\u00e9gia promissora para o enfrentamento \u00e0 covid-19 e para o controle de futuros surtos\u201d, explica Caldas.<\/p>\n<p>O projeto de Luiz Heneine tem objetivo de desenvolver um teste r\u00e1pido com o biossensor para a doen\u00e7a, preenchendo a lacuna entre os dois testes existentes: o molecular, que detecta o componente gen\u00e9tico do v\u00edrus na amostra; e o imunol\u00f3gico, que detecta os anticorpos IgM e IgG no soro de paciente.<\/p>\n<p>\u201cNo caso do biossensor que estamos propondo, um anticorpo espec\u00edfico para o coronav\u00edrus tipo 2 \u00e9 colocado nele, sendo capaz de detectar os v\u00edrus presentes nas amostras dos pacientes. Essas amostras podem ser swabs nasais e orais, saliva e soro. Uma gota de amostra depositada no biossensor e dez minutos de incuba\u00e7\u00e3o s\u00e3o suficientes para obter o resultado\u201d, relata o pesquisador.<\/p>\n<p>O diferencial esperado para este teste \u00e9 detectar prote\u00ednas virais nas amostras antes mesmo dos sintomas aparecerem. A detec\u00e7\u00e3o precoce \u00e9 fundamental para definir estrat\u00e9gias de controle da pandemia, como mapeamento dos locais com necessidade de lockdown, isolamento social mais r\u00edgido e tamb\u00e9m sobre onde j\u00e1 se pode iniciar o retorno das atividades sociais.<\/p>\n<p>&nbsp;<\/p>\n<p><strong>Fonte:<\/strong>\u00a0Ag\u00eancia Minas<\/p>\n","protected":false},"excerpt":{"rendered":"<p>A Funda\u00e7\u00e3o Ezequiel Dias (Funed) teve dois projetos de pesquisa aprovados na chamada do \u201cPrograma emergencial de apoio a a\u00e7\u00f5es de enfrentamento da pandemia causada pelo novo coronav\u00edrus\u201d, da Funda\u00e7\u00e3o de Amparo \u00e0 Pesquisa do Estado de Minas Gerais (Fapemig). O objetivo da sele\u00e7\u00e3o \u00e9 estimular a coopera\u00e7\u00e3o entre pesquisadores e \u00f3rg\u00e3os de pesquisa, apoiar [&hellip;]<\/p>\n","protected":false},"author":96,"featured_media":160492,"comment_status":"closed","ping_status":"closed","sticky":false,"template":"","format":"standard","meta":{"footnotes":""},"categories":[436,252,439],"tags":[],"class_list":["post-160491","post","type-post","status-publish","format-standard","has-post-thumbnail","hentry","category-destaque-da-semana","category-regiao","category-ultima-hora"],"_links":{"self":[{"href":"https:\/\/diarioregionaldigital.com.br\/index.php?rest_route=\/wp\/v2\/posts\/160491","targetHints":{"allow":["GET"]}}],"collection":[{"href":"https:\/\/diarioregionaldigital.com.br\/index.php?rest_route=\/wp\/v2\/posts"}],"about":[{"href":"https:\/\/diarioregionaldigital.com.br\/index.php?rest_route=\/wp\/v2\/types\/post"}],"author":[{"embeddable":true,"href":"https:\/\/diarioregionaldigital.com.br\/index.php?rest_route=\/wp\/v2\/users\/96"}],"replies":[{"embeddable":true,"href":"https:\/\/diarioregionaldigital.com.br\/index.php?rest_route=%2Fwp%2Fv2%2Fcomments&post=160491"}],"version-history":[{"count":0,"href":"https:\/\/diarioregionaldigital.com.br\/index.php?rest_route=\/wp\/v2\/posts\/160491\/revisions"}],"wp:featuredmedia":[{"embeddable":true,"href":"https:\/\/diarioregionaldigital.com.br\/index.php?rest_route=\/wp\/v2\/media\/160492"}],"wp:attachment":[{"href":"https:\/\/diarioregionaldigital.com.br\/index.php?rest_route=%2Fwp%2Fv2%2Fmedia&parent=160491"}],"wp:term":[{"taxonomy":"category","embeddable":true,"href":"https:\/\/diarioregionaldigital.com.br\/index.php?rest_route=%2Fwp%2Fv2%2Fcategories&post=160491"},{"taxonomy":"post_tag","embeddable":true,"href":"https:\/\/diarioregionaldigital.com.br\/index.php?rest_route=%2Fwp%2Fv2%2Ftags&post=160491"}],"curies":[{"name":"wp","href":"https:\/\/api.w.org\/{rel}","templated":true}]}}