{"id":160489,"date":"2020-05-19T12:13:35","date_gmt":"2020-05-19T15:13:35","guid":{"rendered":"https:\/\/diarioregionaldigital.com.br\/?p=160489"},"modified":"2020-05-19T12:13:35","modified_gmt":"2020-05-19T15:13:35","slug":"5115-dos-pacientes-estao-recuperados-do-coronavirus-em-minas-gerais","status":"publish","type":"post","link":"https:\/\/diarioregionaldigital.com.br\/?p=160489","title":{"rendered":"51,15% dos pacientes est\u00e3o recuperados do Coronav\u00edrus em Minas Gerais"},"content":{"rendered":"<p>O<a href=\"https:\/\/saude.mg.gov.br\/images\/noticias_e_eventos\/000_2020\/Boletins_Corona\/ATUALIZADA_Boletim_Epidemiologico_COVID-19_19.05.2020.pdf\"> levantamento<\/a> divulgado nesta ter\u00e7a-feira (19) pela Secretaria de Estado da Sa\u00fade de Minas Gerais (SES-MG), confirma que 51,15% dos pacientes est\u00e3o recuperados do Coronav\u00edrus. Segundo o boletim, o total de pacientes recuperados \u00e9 de 2.546. O resultado \u00e9 superior em rela\u00e7\u00e3o ao boletim divulgado ontem (19), apontando que 48% estavam recuperados, com total de 2.254.<\/p>\n<p>Conforme os dados divulgados hoje, Minas Gerais teve aumento para 4.977 casos confirmados da doen\u00e7a, representando aumento de 94,3% em compara\u00e7\u00e3o com o boletim da segunda-feira, que registrou 4.695 casos. Houve aumento de mais seis \u00f3bitos em Miradouro (idosa de 84 anos), Barbacena (idosa de 60 anos), Belo Horizonte (idoso de 80 e idosa de 90 anos), Bom Despacho (idosa de 78 anos) e Te\u00f3filo Otoni (homem de 40 anos), totalizando 167 mortes.<\/p>\n<p>Conforme os dados apontados pela entidade, foram realizados 17.948 testes laboratoriais para detectar a doen\u00e7a. Ao todo, 993 deram resultados positivo. Al\u00e9m disso, 15.993 pacientes fizeram os testes e tiveram resultado negativo para Covid-19. At\u00e9 o momento, 155 exames foram inconclusivos e 807 est\u00e3o sob an\u00e1lise.<\/p>\n<p>Os\u00a0dados atualizados\u00a0referentes a \u00f3bitos confirmados em Minas Gerais s\u00e3o: Alfredo Vasconcelos (1), Alto Jequitib\u00e1 (1), Araguari (1), Arax\u00e1 (1), Barbacena (3), Belmiro Braga (1), Belo Horizonte (33), Belo Vale (1), Betim (3), Boa Esperan\u00e7a (2), Bom Despacho (1), Bonfim (1), Bueno Brand\u00e3o (1), Capit\u00f3lio (1), Carmo do Cajuru (2), Cataguases(2), Caxambu (1), Centralina (1), Contagem (3), Divin\u00f3polis (1), Espinosa (1), Estrela Dalva (1), Extrema (3), Governador Valadares (5), Ipia\u00e7u (1), Itabira (1), Itabirito (1), Itajub\u00e1 (1), Itambacuri (1), Itapeva (1), Jacutinga (1), Jequitinhonha (1), Juiz de Fora (23), Lavras (1), Manhua\u00e7u (1), Mar de Espanha (1), Mariana (3), M\u00e1rio Campos (1), Martinho Campos (1), Miradouro (1), Montes Claros (2), Morro da Gar\u00e7a (1), Muria\u00e9 (2), Nanuque (1), Nova Serrana (1), Novo Cruzeiro (1), Ouro Fino (1), Ouro Preto (1), Paracatu (1), Parais\u00f3polis (2), Patos de Minas (1), Patroc\u00ednio (1), Perdizes (1), Piranga (1), Piumhi (1), Planura (1), Po\u00e7os de Caldas (3), Pouso Alegre (3), Presidente Juscelino (1), Ribeir\u00e3o das Neves (1),\u00a0 Rio Pomba (1), Santa Luzia (1), Santos Dumont (1), S\u00e3o Francisco (2), S\u00e3o Geraldo da Piedade (1), S\u00e3o Jo\u00e3o do Manhua\u00e7u (1), S\u00e3o Jo\u00e3o Nepomuceno (1), S\u00e3o Jos\u00e9 da Lapa (1), S\u00e3o Rom\u00e3o (1), S\u00e3o Sebasti\u00e3o do Para\u00edso (1), S\u00e3o Tom\u00e1s de Aquino (1), Sete Lagoas (1), Te\u00f3filo Otoni (2), Toledo (1), Tr\u00eas Pontas (1), Uberaba (5), Uberl\u00e2ndia (12), Varginha (1) e Varzel\u00e2ndia (1).<\/p>\n","protected":false},"excerpt":{"rendered":"<p>O levantamento divulgado nesta ter\u00e7a-feira (19) pela Secretaria de Estado da Sa\u00fade de Minas Gerais (SES-MG), confirma que 51,15% dos pacientes est\u00e3o recuperados do Coronav\u00edrus. Segundo o boletim, o total de pacientes recuperados \u00e9 de 2.546. O resultado \u00e9 superior em rela\u00e7\u00e3o ao boletim divulgado ontem (19), apontando que 48% estavam recuperados, com total de [&hellip;]<\/p>\n","protected":false},"author":96,"featured_media":159081,"comment_status":"closed","ping_status":"closed","sticky":false,"template":"","format":"standard","meta":{"footnotes":""},"categories":[436,440,252,439],"tags":[],"class_list":["post-160489","post","type-post","status-publish","format-standard","has-post-thumbnail","hentry","category-destaque-da-semana","category-destaques-do-dia","category-regiao","category-ultima-hora"],"_links":{"self":[{"href":"https:\/\/diarioregionaldigital.com.br\/index.php?rest_route=\/wp\/v2\/posts\/160489","targetHints":{"allow":["GET"]}}],"collection":[{"href":"https:\/\/diarioregionaldigital.com.br\/index.php?rest_route=\/wp\/v2\/posts"}],"about":[{"href":"https:\/\/diarioregionaldigital.com.br\/index.php?rest_route=\/wp\/v2\/types\/post"}],"author":[{"embeddable":true,"href":"https:\/\/diarioregionaldigital.com.br\/index.php?rest_route=\/wp\/v2\/users\/96"}],"replies":[{"embeddable":true,"href":"https:\/\/diarioregionaldigital.com.br\/index.php?rest_route=%2Fwp%2Fv2%2Fcomments&post=160489"}],"version-history":[{"count":0,"href":"https:\/\/diarioregionaldigital.com.br\/index.php?rest_route=\/wp\/v2\/posts\/160489\/revisions"}],"wp:featuredmedia":[{"embeddable":true,"href":"https:\/\/diarioregionaldigital.com.br\/index.php?rest_route=\/wp\/v2\/media\/159081"}],"wp:attachment":[{"href":"https:\/\/diarioregionaldigital.com.br\/index.php?rest_route=%2Fwp%2Fv2%2Fmedia&parent=160489"}],"wp:term":[{"taxonomy":"category","embeddable":true,"href":"https:\/\/diarioregionaldigital.com.br\/index.php?rest_route=%2Fwp%2Fv2%2Fcategories&post=160489"},{"taxonomy":"post_tag","embeddable":true,"href":"https:\/\/diarioregionaldigital.com.br\/index.php?rest_route=%2Fwp%2Fv2%2Ftags&post=160489"}],"curies":[{"name":"wp","href":"https:\/\/api.w.org\/{rel}","templated":true}]}}