{"id":160486,"date":"2020-05-19T10:37:13","date_gmt":"2020-05-19T13:37:13","guid":{"rendered":"https:\/\/diarioregionaldigital.com.br\/?p=160486"},"modified":"2020-05-19T10:37:13","modified_gmt":"2020-05-19T13:37:13","slug":"ministerio-da-saude-entrega-823-respiradores-a-16-estados-do-pais","status":"publish","type":"post","link":"https:\/\/diarioregionaldigital.com.br\/?p=160486","title":{"rendered":"Minist\u00e9rio da Sa\u00fade entrega 823 respiradores a 16 estados do pa\u00eds"},"content":{"rendered":"<p>At\u00e9 o momento, foram entregues 823 respiradores a 16 estados do pa\u00eds. As Unidades da Federa\u00e7\u00e3o que mais receberam foram o Rio de Janeiro (150), Par\u00e1 (130), Amazonas (120), Cear\u00e1 (75), Pernambuco (50) e Amap\u00e1 (45). Os n\u00fameros foram apresentados pelo\u00a0secret\u00e1rio executivo adjunto do Minist\u00e9rio da Sa\u00fade, \u00c9lcio franco, e o secret\u00e1rio substituto de Vigil\u00e2ncia em Sa\u00fade, Eduardo Mac\u00e1rio,\u00a0durante entrevista no Pal\u00e1cio do Planalto, nesta segunda-feira(18).<\/p>\n<p>O Cear\u00e1 recebeu R$ 75,3 milh\u00f5es para covid-19;\u00a0200 leitos habilitados;\u00a02,8 milh\u00f5es de EPIs; e\u00a075 respiradores. O Maranh\u00e3o recebeu R$ 59,5 milh\u00f5es;\u00a0110 leitos habilitados; 2,1 milh\u00f5es de EPIs; e 25 respiradores. Pernambuco recebeu R$ 157,5 milh\u00f5es; 276 leitos habilitados;\u00a02,9 milh\u00f5es de EPIs; e 50 respiradores (com previs\u00e3o de outros 35 em nova entrega em maio). O Rio de Janeiro recebeu R$ 144,2 milh\u00f5es e 150 respiradores (com nova entrega de 56). S\u00e3o Paulo teve 519,8 milh\u00f5es;\u00a01.638 leitos habilitados;\u00a015,6 milh\u00f5es de EPIs; e 20 respiradores.<\/p>\n<p>\u00c9lcio Franco afirmou que apesar de n\u00e3o ser uma atribui\u00e7\u00e3o do governo federal, o Minist\u00e9rio da Sa\u00fade\u00a0est\u00e1 buscando apoio para os leitos. Ele confirmou que as licita\u00e7\u00f5es para alugar 2.000 leitos, anunciadas ainda em abril, n\u00e3o ocorreram por falta de interessados. J\u00e1 foram contratados e distribu\u00eddos 540 leitos de UTI at\u00e9 o momento. &#8220;Vamos novamente tentar esta contrata\u00e7\u00e3o e espero que haja interessados&#8221;, declarou.<\/p>\n<p><strong>Brasil no cen\u00e1rio global<\/strong><\/p>\n<p>O secret\u00e1rio substituto de Vigil\u00e2ncia em Sa\u00fade, Eduardo Mac\u00e1rio, abordou a posi\u00e7\u00e3o do pa\u00eds nos\u00a0<em>rankings<\/em>\u00a0internacionais quando considerados os \u00edndices em propor\u00e7\u00e3o \u00e0 popula\u00e7\u00e3o.<\/p>\n<p>\u201cO Brasil est\u00e1 em quarto\u00a0em n\u00famero de casos confirmados e sexto\u00a0em mortes confirmadas. Quando observamos taxa de mortalidade, fica em 18\u00ba. E na incid\u00eancia, em 38\u00ba considerando s\u00f3 pa\u00edses com mais de 1 milh\u00e3o de habitantes\u201d, disse.<\/p>\n<p>Ao comparar a din\u00e2mica da evolu\u00e7\u00e3o da doen\u00e7a\u00a0 em outros pa\u00edses, o secret\u00e1rio afirmou que h\u00e1 uma din\u00e2mica clara no territ\u00f3rio nacional. A linha mostra um tend\u00eancia de subida, e n\u00e3o de descida, perdendo para os Estados Unidos, epicentro da pandemia no mundo.<\/p>\n<p><strong>Hospitaliza\u00e7\u00f5es<\/strong><\/p>\n<p>No ano passado, foram registradas 45 mil hospitaliza\u00e7\u00f5es por S\u00edndrome Respirat\u00f3ria Aguda Grave (SRAG) no Brasil. Em 2020,\u00a0at\u00e9 a semana epidemiol\u00f3gica 20, foram registradas 139.622 interna\u00e7\u00f5es por SRAG no pa\u00eds, sendo 39.064 por covid-19 e 1.792 por influenza.<\/p>\n<p>Ainda h\u00e1 47 mil hospitaliza\u00e7\u00f5es por SRAG em investiga\u00e7\u00e3o e outras 48,7 mil por SRAG considerado \u201cn\u00e3o identificado\u201d. Segundo Eduardo Mac\u00e1rio, a categoria \u201cn\u00e3o especificada\u201d envolve uma evolu\u00e7\u00e3o que demanda hospitaliza\u00e7\u00e3o mas n\u00e3o se identifica um v\u00edrus ou bact\u00e9ria.<\/p>\n<p>Em rela\u00e7\u00e3o \u00e0 demora nas investiga\u00e7\u00f5es, o secret\u00e1rio Mac\u00e1rio disse que o Minist\u00e9rio da Sa\u00fade\u00a0orientou os estados para analisar os novos casos, mas \u201cn\u00e3o deixar de olhar o passivo, at\u00e9 para a gente definir quando esses casos come\u00e7aram no Brasil\u201d.<\/p>\n<p><strong>Mortes por covid-19<\/strong><\/p>\n<p>Dos pacientes que faleceram, 69% t\u00eam acima de 60 anos. No quesito cormobidades, 64% apresentam alguma doen\u00e7a, como cardiopatias, diabetes, doen\u00e7as renais ou condi\u00e7\u00e3o neurol\u00f3gica. No recorte por cor, 47,3% s\u00e3o eram pardos, 43,1% eram brancos, 7,5% eram pretos, 1,7% eram amarelos e 0,5% eram ind\u00edgenas.<\/p>\n<p><strong>Vacina\u00e7\u00e3o contra a gripe<\/strong><\/p>\n<p>De acordo com o secret\u00e1rio substituto de Vigil\u00e2ncia em Sa\u00fade, Eduardo Mac\u00e1rio, 43 milh\u00f5es de brasileiros foram vacinados contra a gripe. A 1\u00aa fase teve in\u00edcio em 23 de mar\u00e7o e focou idosos. A 2\u00aa fase ocorreu a partir de 16 de abril atendendo a profissionais de for\u00e7as de seguran\u00e7a, pessoas com doen\u00e7as cr\u00f4nicas, caminhoneiros e outros segmentos. A 3\u00aa fase, de 11 de maio a 5 de junho, cobriu pessoas de 55 a 59 anos, crian\u00e7as de 6 meses a 6 anos, gestantes, pessoas com defici\u00eancia e professores. A estimativa da equipe do minist\u00e9rio \u00e9 que 77,7 milh\u00f5es de pessoas sejam imunizadas at\u00e9 o fim da campanha. O investimento totalizou R$ 1 bilh\u00e3o.<\/p>\n<p>&nbsp;<\/p>\n<p><strong>Fonte:\u00a0<\/strong>Ag\u00eancia Brasil<\/p>\n","protected":false},"excerpt":{"rendered":"<p>At\u00e9 o momento, foram entregues 823 respiradores a 16 estados do pa\u00eds. As Unidades da Federa\u00e7\u00e3o que mais receberam foram o Rio de Janeiro (150), Par\u00e1 (130), Amazonas (120), Cear\u00e1 (75), Pernambuco (50) e Amap\u00e1 (45). Os n\u00fameros foram apresentados pelo\u00a0secret\u00e1rio executivo adjunto do Minist\u00e9rio da Sa\u00fade, \u00c9lcio franco, e o secret\u00e1rio substituto de Vigil\u00e2ncia [&hellip;]<\/p>\n","protected":false},"author":96,"featured_media":160487,"comment_status":"closed","ping_status":"closed","sticky":false,"template":"","format":"standard","meta":{"footnotes":""},"categories":[302,436,439],"tags":[],"class_list":["post-160486","post","type-post","status-publish","format-standard","has-post-thumbnail","hentry","category-brasil-mundo","category-destaque-da-semana","category-ultima-hora"],"_links":{"self":[{"href":"https:\/\/diarioregionaldigital.com.br\/index.php?rest_route=\/wp\/v2\/posts\/160486","targetHints":{"allow":["GET"]}}],"collection":[{"href":"https:\/\/diarioregionaldigital.com.br\/index.php?rest_route=\/wp\/v2\/posts"}],"about":[{"href":"https:\/\/diarioregionaldigital.com.br\/index.php?rest_route=\/wp\/v2\/types\/post"}],"author":[{"embeddable":true,"href":"https:\/\/diarioregionaldigital.com.br\/index.php?rest_route=\/wp\/v2\/users\/96"}],"replies":[{"embeddable":true,"href":"https:\/\/diarioregionaldigital.com.br\/index.php?rest_route=%2Fwp%2Fv2%2Fcomments&post=160486"}],"version-history":[{"count":0,"href":"https:\/\/diarioregionaldigital.com.br\/index.php?rest_route=\/wp\/v2\/posts\/160486\/revisions"}],"wp:featuredmedia":[{"embeddable":true,"href":"https:\/\/diarioregionaldigital.com.br\/index.php?rest_route=\/wp\/v2\/media\/160487"}],"wp:attachment":[{"href":"https:\/\/diarioregionaldigital.com.br\/index.php?rest_route=%2Fwp%2Fv2%2Fmedia&parent=160486"}],"wp:term":[{"taxonomy":"category","embeddable":true,"href":"https:\/\/diarioregionaldigital.com.br\/index.php?rest_route=%2Fwp%2Fv2%2Fcategories&post=160486"},{"taxonomy":"post_tag","embeddable":true,"href":"https:\/\/diarioregionaldigital.com.br\/index.php?rest_route=%2Fwp%2Fv2%2Ftags&post=160486"}],"curies":[{"name":"wp","href":"https:\/\/api.w.org\/{rel}","templated":true}]}}