{"id":160468,"date":"2020-05-19T06:00:52","date_gmt":"2020-05-19T09:00:52","guid":{"rendered":"https:\/\/diarioregionaldigital.com.br\/?p=160468"},"modified":"2020-05-18T22:37:52","modified_gmt":"2020-05-19T01:37:52","slug":"pausa-na-realidade","status":"publish","type":"post","link":"https:\/\/diarioregionaldigital.com.br\/?p=160468","title":{"rendered":"Pausa na Realidade"},"content":{"rendered":"<p style=\"text-align: center;\"><strong>Menu do Dia<\/strong><\/p>\n<p style=\"text-align: center;\">Usando sua praticidade, o chef Pedro Benoliel criou um delivery s\u00f3 de pratos para o dia a dia. Um card\u00e1pio bem gostoso com por\u00e7\u00f5es para tr\u00eas pessoas. Tem moqueca de banana-da-terra, picadinho, e at\u00e9 mousse de chocolate. Delicias para cariocas da gema provar e adorar.<\/p>\n<p style=\"text-align: center;\"><strong>Pr\u00eamio<\/strong><\/p>\n<p style=\"text-align: center;\">Craque nas letras, artes e of\u00edcios, o escritor Jos\u00e9 Renato Amorim conquistou o terceiro lugar (categoria melhor livro infantil e infanto-juvenil) no Concursos Ecos da Literatura com livro \u201cA escola dos cereais: o sentido da vida\u201d, com selo da editora Paratexto.<\/p>\n<p style=\"text-align: center;\"><strong>Im\u00f3veis<\/strong><\/p>\n<p style=\"text-align: center;\">Causou impacto na Zoom, o papo Imobili\u00e1rio com coordenador do curso t\u00e9cnico em transa\u00e7\u00f5es imobili\u00e1rias do IF Sudeste, F\u00e1bio Vargas e o professora Silvia do Nascimento, do n\u00facleo acad\u00eamico de gest\u00e3o. Na pauta, falaram sobre o colapso da pandemia do Coronav\u00edrus no mercado imobili\u00e1rio.<\/p>\n<p style=\"text-align: center;\"><strong>Pausa na Realidade<\/strong><\/p>\n<p style=\"text-align: center;\">Enquanto o mundo se isola em quarentena, spas famosos do Brasil come\u00e7am a reabrir com a promessa de ajudar a relaxar e fortalecer a imunidade. Em Juiz de Fora, o Hotel Green Hill aposta na natureza de seu espa\u00e7o no Salvaterra com acomoda\u00e7\u00f5es, lazer e \u00f3tima gastronomia.<\/p>\n<p style=\"text-align: center;\"><span style=\"font-size: 14pt;\"><strong>Para Refletir<\/strong><\/span><\/p>\n<p style=\"text-align: center;\">A vida \u00e9 uma loucura. O lugar para onde queremos voltar \u00e9, muitas vezes, aquele do qual sonhamos escapar. Tomara que os novos tempos, que todo mundo diz que o futuro nos guarda, n\u00e3o seja s\u00f3 feito de m\u00e1scaras e \u00e1lcool gel.<\/p>\n<div id=\"attachment_160455\" style=\"width: 690px\" class=\"wp-caption aligncenter\"><img loading=\"lazy\" decoding=\"async\" aria-describedby=\"caption-attachment-160455\" class=\"wp-image-160455\" src=\"https:\/\/diarioregionaldigital.com.br\/wp-content\/uploads\/2020\/05\/fotoaa-1-e1589850978700.jpg\" alt=\"\" width=\"680\" height=\"527\" srcset=\"https:\/\/diarioregionaldigital.com.br\/wp-content\/uploads\/2020\/05\/fotoaa-1-e1589850978700.jpg 494w, https:\/\/diarioregionaldigital.com.br\/wp-content\/uploads\/2020\/05\/fotoaa-1-e1589850978700-300x233.jpg 300w, https:\/\/diarioregionaldigital.com.br\/wp-content\/uploads\/2020\/05\/fotoaa-1-e1589850978700-360x279.jpg 360w\" sizes=\"auto, (max-width: 680px) 100vw, 680px\" \/><p id=\"caption-attachment-160455\" class=\"wp-caption-text\">O empres\u00e1rio M\u00e1rcio Marques com look para cole\u00e7\u00e3o outono inverno fashion de sua loja M.Marques. Um luxo<\/p><\/div>\n<div id=\"attachment_160456\" style=\"width: 690px\" class=\"wp-caption aligncenter\"><img loading=\"lazy\" decoding=\"async\" aria-describedby=\"caption-attachment-160456\" class=\"wp-image-160456\" src=\"https:\/\/diarioregionaldigital.com.br\/wp-content\/uploads\/2020\/05\/fotob-11-e1589851011168.jpg\" alt=\"\" width=\"680\" height=\"554\" srcset=\"https:\/\/diarioregionaldigital.com.br\/wp-content\/uploads\/2020\/05\/fotob-11-e1589851011168.jpg 724w, https:\/\/diarioregionaldigital.com.br\/wp-content\/uploads\/2020\/05\/fotob-11-e1589851011168-300x244.jpg 300w, https:\/\/diarioregionaldigital.com.br\/wp-content\/uploads\/2020\/05\/fotob-11-e1589851011168-220x180.jpg 220w, https:\/\/diarioregionaldigital.com.br\/wp-content\/uploads\/2020\/05\/fotob-11-e1589851011168-360x293.jpg 360w\" sizes=\"auto, (max-width: 680px) 100vw, 680px\" \/><p id=\"caption-attachment-160456\" class=\"wp-caption-text\">Direto da Sui\u00e7a, o querido casal Charlles Tam e Veralice Tam<\/p><\/div>\n<div id=\"attachment_160457\" style=\"width: 690px\" class=\"wp-caption aligncenter\"><img loading=\"lazy\" decoding=\"async\" aria-describedby=\"caption-attachment-160457\" class=\"wp-image-160457\" src=\"https:\/\/diarioregionaldigital.com.br\/wp-content\/uploads\/2020\/05\/fotoc-9-e1589851110994.jpg\" alt=\"\" width=\"680\" height=\"507\" srcset=\"https:\/\/diarioregionaldigital.com.br\/wp-content\/uploads\/2020\/05\/fotoc-9-e1589851110994.jpg 717w, https:\/\/diarioregionaldigital.com.br\/wp-content\/uploads\/2020\/05\/fotoc-9-e1589851110994-300x224.jpg 300w, https:\/\/diarioregionaldigital.com.br\/wp-content\/uploads\/2020\/05\/fotoc-9-e1589851110994-360x269.jpg 360w\" sizes=\"auto, (max-width: 680px) 100vw, 680px\" \/><p id=\"caption-attachment-160457\" class=\"wp-caption-text\">O charme dos irm\u00e3os Diogo Buraco e Carol Ribeiro antes da pandemia na AABB<\/p><\/div>\n<div id=\"attachment_160454\" style=\"width: 690px\" class=\"wp-caption aligncenter\"><img loading=\"lazy\" decoding=\"async\" aria-describedby=\"caption-attachment-160454\" class=\"wp-image-160454\" src=\"https:\/\/diarioregionaldigital.com.br\/wp-content\/uploads\/2020\/05\/fotoa-11-e1589850871259.jpg\" alt=\"\" width=\"680\" height=\"486\" srcset=\"https:\/\/diarioregionaldigital.com.br\/wp-content\/uploads\/2020\/05\/fotoa-11-e1589850871259.jpg 708w, https:\/\/diarioregionaldigital.com.br\/wp-content\/uploads\/2020\/05\/fotoa-11-e1589850871259-300x214.jpg 300w, https:\/\/diarioregionaldigital.com.br\/wp-content\/uploads\/2020\/05\/fotoa-11-e1589850871259-360x257.jpg 360w, https:\/\/diarioregionaldigital.com.br\/wp-content\/uploads\/2020\/05\/fotoa-11-e1589850871259-100x70.jpg 100w\" sizes=\"auto, (max-width: 680px) 100vw, 680px\" \/><p id=\"caption-attachment-160454\" class=\"wp-caption-text\">Autoridades competentes, S\u00e9rgio Felix (Sinteac) e o Delegado de Policia Civil, Dr. Armando Av\u00f3lio em ritmo de solidariedade contra o Covid-19<\/p><\/div>\n<div id=\"attachment_160459\" style=\"width: 690px\" class=\"wp-caption aligncenter\"><img loading=\"lazy\" decoding=\"async\" aria-describedby=\"caption-attachment-160459\" class=\"wp-image-160459\" src=\"https:\/\/diarioregionaldigital.com.br\/wp-content\/uploads\/2020\/05\/fotoe-9.jpg\" alt=\"\" width=\"680\" height=\"466\" srcset=\"https:\/\/diarioregionaldigital.com.br\/wp-content\/uploads\/2020\/05\/fotoe-9.jpg 2496w, https:\/\/diarioregionaldigital.com.br\/wp-content\/uploads\/2020\/05\/fotoe-9-300x206.jpg 300w, https:\/\/diarioregionaldigital.com.br\/wp-content\/uploads\/2020\/05\/fotoe-9-768x527.jpg 768w, https:\/\/diarioregionaldigital.com.br\/wp-content\/uploads\/2020\/05\/fotoe-9-1024x702.jpg 1024w, https:\/\/diarioregionaldigital.com.br\/wp-content\/uploads\/2020\/05\/fotoe-9-360x247.jpg 360w, https:\/\/diarioregionaldigital.com.br\/wp-content\/uploads\/2020\/05\/fotoe-9-100x70.jpg 100w\" sizes=\"auto, (max-width: 680px) 100vw, 680px\" \/><p id=\"caption-attachment-160459\" class=\"wp-caption-text\">Em cena social Marcellu\u2019s Aero: Maria do Ros\u00e1rio Mota, Wagno G\u00e1udio e Claudia Hargreves Lopes<\/p><\/div>\n<div id=\"attachment_160460\" style=\"width: 690px\" class=\"wp-caption aligncenter\"><img loading=\"lazy\" decoding=\"async\" aria-describedby=\"caption-attachment-160460\" class=\"wp-image-160460\" src=\"https:\/\/diarioregionaldigital.com.br\/wp-content\/uploads\/2020\/05\/fotof-8-e1589851494793.jpg\" alt=\"\" width=\"680\" height=\"497\" srcset=\"https:\/\/diarioregionaldigital.com.br\/wp-content\/uploads\/2020\/05\/fotof-8-e1589851494793.jpg 467w, https:\/\/diarioregionaldigital.com.br\/wp-content\/uploads\/2020\/05\/fotof-8-e1589851494793-300x219.jpg 300w, https:\/\/diarioregionaldigital.com.br\/wp-content\/uploads\/2020\/05\/fotof-8-e1589851494793-360x263.jpg 360w\" sizes=\"auto, (max-width: 680px) 100vw, 680px\" \/><p id=\"caption-attachment-160460\" class=\"wp-caption-text\">Irm\u00e3os elegantes fazendo social: Consuelo Grace e Eduardo Lucas<\/p><\/div>\n<div id=\"attachment_160462\" style=\"width: 690px\" class=\"wp-caption aligncenter\"><img loading=\"lazy\" decoding=\"async\" aria-describedby=\"caption-attachment-160462\" class=\"wp-image-160462\" src=\"https:\/\/diarioregionaldigital.com.br\/wp-content\/uploads\/2020\/05\/fotoh-6.jpg\" alt=\"\" width=\"680\" height=\"509\" srcset=\"https:\/\/diarioregionaldigital.com.br\/wp-content\/uploads\/2020\/05\/fotoh-6.jpg 526w, https:\/\/diarioregionaldigital.com.br\/wp-content\/uploads\/2020\/05\/fotoh-6-300x225.jpg 300w, https:\/\/diarioregionaldigital.com.br\/wp-content\/uploads\/2020\/05\/fotoh-6-360x270.jpg 360w\" sizes=\"auto, (max-width: 680px) 100vw, 680px\" \/><p id=\"caption-attachment-160462\" class=\"wp-caption-text\">Curtindo ro\u00e7a no interior mineiro: Sandra Savastano e \u00c2ngelo Savastano<\/p><\/div>\n<div id=\"attachment_160461\" style=\"width: 690px\" class=\"wp-caption aligncenter\"><img loading=\"lazy\" decoding=\"async\" aria-describedby=\"caption-attachment-160461\" class=\"wp-image-160461\" src=\"https:\/\/diarioregionaldigital.com.br\/wp-content\/uploads\/2020\/05\/fotog-7-e1589851533711.jpg\" alt=\"\" width=\"680\" height=\"505\" srcset=\"https:\/\/diarioregionaldigital.com.br\/wp-content\/uploads\/2020\/05\/fotog-7-e1589851533711.jpg 700w, https:\/\/diarioregionaldigital.com.br\/wp-content\/uploads\/2020\/05\/fotog-7-e1589851533711-300x223.jpg 300w, https:\/\/diarioregionaldigital.com.br\/wp-content\/uploads\/2020\/05\/fotog-7-e1589851533711-360x267.jpg 360w\" sizes=\"auto, (max-width: 680px) 100vw, 680px\" \/><p id=\"caption-attachment-160461\" class=\"wp-caption-text\">Um close nas lindas: Josiane Brito Oliveira e Gi Brito<\/p><\/div>\n<div id=\"attachment_160463\" style=\"width: 690px\" class=\"wp-caption aligncenter\"><img loading=\"lazy\" decoding=\"async\" aria-describedby=\"caption-attachment-160463\" class=\"wp-image-160463\" src=\"https:\/\/diarioregionaldigital.com.br\/wp-content\/uploads\/2020\/05\/fotoi-5-e1589851579909.jpg\" alt=\"\" width=\"680\" height=\"467\" srcset=\"https:\/\/diarioregionaldigital.com.br\/wp-content\/uploads\/2020\/05\/fotoi-5-e1589851579909.jpg 895w, https:\/\/diarioregionaldigital.com.br\/wp-content\/uploads\/2020\/05\/fotoi-5-e1589851579909-300x206.jpg 300w, https:\/\/diarioregionaldigital.com.br\/wp-content\/uploads\/2020\/05\/fotoi-5-e1589851579909-768x527.jpg 768w, https:\/\/diarioregionaldigital.com.br\/wp-content\/uploads\/2020\/05\/fotoi-5-e1589851579909-360x247.jpg 360w, https:\/\/diarioregionaldigital.com.br\/wp-content\/uploads\/2020\/05\/fotoi-5-e1589851579909-100x70.jpg 100w\" sizes=\"auto, (max-width: 680px) 100vw, 680px\" \/><p id=\"caption-attachment-160463\" class=\"wp-caption-text\">Aniversariante de destaque da temporada social o capoeirista, Jaguar Marcus Vin\u00edcius<\/p><\/div>\n<div id=\"attachment_160458\" style=\"width: 690px\" class=\"wp-caption aligncenter\"><img loading=\"lazy\" decoding=\"async\" aria-describedby=\"caption-attachment-160458\" class=\"wp-image-160458\" src=\"https:\/\/diarioregionaldigital.com.br\/wp-content\/uploads\/2020\/05\/fotod-10.jpg\" alt=\"\" width=\"680\" height=\"453\" srcset=\"https:\/\/diarioregionaldigital.com.br\/wp-content\/uploads\/2020\/05\/fotod-10.jpg 960w, https:\/\/diarioregionaldigital.com.br\/wp-content\/uploads\/2020\/05\/fotod-10-300x200.jpg 300w, https:\/\/diarioregionaldigital.com.br\/wp-content\/uploads\/2020\/05\/fotod-10-768x512.jpg 768w, https:\/\/diarioregionaldigital.com.br\/wp-content\/uploads\/2020\/05\/fotod-10-360x240.jpg 360w\" sizes=\"auto, (max-width: 680px) 100vw, 680px\" \/><p id=\"caption-attachment-160458\" class=\"wp-caption-text\">Mulheres elegant\u00e9rrimas: Maria Helena Zacaron, Irene Barros, Florinha Carmo e Let\u00edcia Fortine, no Clube do Filet<\/p><\/div>\n<p style=\"text-align: center;\"><strong>FOTOSS\u00cdNTESE<\/strong><\/p>\n<p>Vereadores de Juiz de Fora visitaram unidades de sa\u00fade da cidade para conhecer as condi\u00e7\u00f5es de trabalho dos profissionais da \u00e1rea.<\/p>\n<p>\u201cMinas Consciente\u201d e reabertura gradual do com\u00e9rcio foram assunto dos idosos em rodinhas de papo-furado tradicional no Cal\u00e7ad\u00e3o da Rua: Halfeld. O melhor \u00e9 ficar em casa Juvenal.<\/p>\n<p>Acertad\u00edssimo a nomea\u00e7\u00e3o de Ricardo Miranda para a Secretario de Governo da PJF. Bem articulado ele dever\u00e1 agir junto com \u00e1rea t\u00e9cnica.<\/p>\n<p>Em boa hora, o N\u00facleo de Atendimento \u00e0 Mulher da Ordem dos Advogados do Brasil (OAB) volta a atender v\u00edtimas de viol\u00eancia dom\u00e9stica de forma presencial. Agora no novo endere\u00e7o na Escola Superior de Advocacia da OAB, na Rua Marechal Deodoro n\u00ba 552 \u2013 4\u00ba andar, de 13h30 \u00e0s 16h30.<\/p>\n<p>Usando sua compet\u00eancia Helenise Machado est\u00e1 trabalhando Home Office, ativando rem\u00e9dios para sua firma que presta servi\u00e7o de noite a sul do pa\u00eds.<\/p>\n<p>Dona cegonha aprontou de novo. Colocou na chamin\u00e9 de Carol Neves e Victor Cangussu, a linda estrelinha Carina. Festejando muito, os av\u00f3s M\u00e1rcia Neves e Miguel De Vito (dela) e De\u00e1 e Iomar Cangussu (dele).<\/p>\n<p>Solidarios em tempo real, os volunt\u00e1rios da Paroquia S\u00e3o Jo\u00e3o Paulo II confeccionaram m\u00e1scaras para distribui\u00e7\u00e3o a pessoas em situa\u00e7\u00e3o de rua.<\/p>\n<p>O din\u00e2mico fisioterapeuta Ramon David \u00e9 pr\u00e9 \u2013 candidato a vereador em Juiz de Fora. Tem chance.<\/p>\n<p>Para saber: Superior \u00e9 aquele que sabe que na verdade ningu\u00e9m \u00e9 melhor que ningu\u00e9m. Tome nota!<\/p>\n<p><img loading=\"lazy\" decoding=\"async\" class=\"aligncenter size-full wp-image-160464\" src=\"https:\/\/diarioregionaldigital.com.br\/wp-content\/uploads\/2020\/05\/anuncio86.jpg\" alt=\"\" width=\"3511\" height=\"1332\" srcset=\"https:\/\/diarioregionaldigital.com.br\/wp-content\/uploads\/2020\/05\/anuncio86.jpg 3511w, https:\/\/diarioregionaldigital.com.br\/wp-content\/uploads\/2020\/05\/anuncio86-300x114.jpg 300w, https:\/\/diarioregionaldigital.com.br\/wp-content\/uploads\/2020\/05\/anuncio86-768x291.jpg 768w, https:\/\/diarioregionaldigital.com.br\/wp-content\/uploads\/2020\/05\/anuncio86-1024x388.jpg 1024w, https:\/\/diarioregionaldigital.com.br\/wp-content\/uploads\/2020\/05\/anuncio86-360x137.jpg 360w\" sizes=\"auto, (max-width: 3511px) 100vw, 3511px\" \/><\/p>\n","protected":false},"excerpt":{"rendered":"<p>Menu do Dia Usando sua praticidade, o chef Pedro Benoliel criou um delivery s\u00f3 de pratos para o dia a dia. Um card\u00e1pio bem gostoso com por\u00e7\u00f5es para tr\u00eas pessoas. Tem moqueca de banana-da-terra, picadinho, e at\u00e9 mousse de chocolate. Delicias para cariocas da gema provar e adorar. Pr\u00eamio Craque nas letras, artes e of\u00edcios, [&hellip;]<\/p>\n","protected":false},"author":96,"featured_media":160455,"comment_status":"closed","ping_status":"closed","sticky":false,"template":"","format":"standard","meta":{"footnotes":""},"categories":[264],"tags":[],"class_list":["post-160468","post","type-post","status-publish","format-standard","has-post-thumbnail","hentry","category-eduardo-gomes"],"_links":{"self":[{"href":"https:\/\/diarioregionaldigital.com.br\/index.php?rest_route=\/wp\/v2\/posts\/160468","targetHints":{"allow":["GET"]}}],"collection":[{"href":"https:\/\/diarioregionaldigital.com.br\/index.php?rest_route=\/wp\/v2\/posts"}],"about":[{"href":"https:\/\/diarioregionaldigital.com.br\/index.php?rest_route=\/wp\/v2\/types\/post"}],"author":[{"embeddable":true,"href":"https:\/\/diarioregionaldigital.com.br\/index.php?rest_route=\/wp\/v2\/users\/96"}],"replies":[{"embeddable":true,"href":"https:\/\/diarioregionaldigital.com.br\/index.php?rest_route=%2Fwp%2Fv2%2Fcomments&post=160468"}],"version-history":[{"count":0,"href":"https:\/\/diarioregionaldigital.com.br\/index.php?rest_route=\/wp\/v2\/posts\/160468\/revisions"}],"wp:featuredmedia":[{"embeddable":true,"href":"https:\/\/diarioregionaldigital.com.br\/index.php?rest_route=\/wp\/v2\/media\/160455"}],"wp:attachment":[{"href":"https:\/\/diarioregionaldigital.com.br\/index.php?rest_route=%2Fwp%2Fv2%2Fmedia&parent=160468"}],"wp:term":[{"taxonomy":"category","embeddable":true,"href":"https:\/\/diarioregionaldigital.com.br\/index.php?rest_route=%2Fwp%2Fv2%2Fcategories&post=160468"},{"taxonomy":"post_tag","embeddable":true,"href":"https:\/\/diarioregionaldigital.com.br\/index.php?rest_route=%2Fwp%2Fv2%2Ftags&post=160468"}],"curies":[{"name":"wp","href":"https:\/\/api.w.org\/{rel}","templated":true}]}}