{"id":160452,"date":"2020-05-18T20:05:06","date_gmt":"2020-05-18T23:05:06","guid":{"rendered":"https:\/\/diarioregionaldigital.com.br\/?p=160452"},"modified":"2020-05-18T20:05:06","modified_gmt":"2020-05-18T23:05:06","slug":"mais-de-100-mil-brasileiros-ja-estao-recuperados-da-covid-19","status":"publish","type":"post","link":"https:\/\/diarioregionaldigital.com.br\/?p=160452","title":{"rendered":"Mais de 100 mil brasileiros j\u00e1 est\u00e3o recuperados da COVID-19"},"content":{"rendered":"<p>Uma boa not\u00edcia para come\u00e7ar a semana. Nesta segunda-feira (18), o Brasil ultrapassou a marca de 100.459 pessoas recuperadas da COVID-19, o que representa 39,5% do total de casos confirmados at\u00e9 o momento: 254.220 pessoas. Outras 136.969 pessoas est\u00e3o sendo acompanhadas (53,9%) por profissionais que monitoram a evolu\u00e7\u00e3o da doen\u00e7a. As informa\u00e7\u00f5es foram atualizadas at\u00e9 as 19h e repassadas pelas Secretarias Estaduais de Sa\u00fade de todo o Brasil.<\/p>\n<p>At\u00e9 o momento, o pa\u00eds registra 16.792 \u00f3bitos, sendo que 674 foram registradas nos sistemas de informa\u00e7\u00e3o oficiais do Minist\u00e9rio da Sa\u00fade de ontem para hoje, apesar de a maioria ter acontecido em outros dias. Os casos foram notificados ap\u00f3s a conclus\u00e3o da investiga\u00e7\u00e3o do motivo das mortes. Desse total, 188 \u00f3bitos ocorreram nos \u00faltimos tr\u00eas dias e outros 2.277 casos est\u00e3o em investiga\u00e7\u00e3o.<\/p>\n<p>Desde o dia 26 de fevereiro, quando o primeiro caso foi confirmado no pa\u00eds, o Governo do Brasil adotou uma s\u00e9rie de medidas, junto a estados e munic\u00edpios, para garantir a estrutura necess\u00e1ria ao atendimento dos pacientes com a doen\u00e7a. Desde ent\u00e3o, o Minist\u00e9rio da Sa\u00fade n\u00e3o tem medido esfor\u00e7os para adquirir e distribuir Equipamentos de Prote\u00e7\u00e3o Individual (EPIs), recursos humanos e financeiros, respiradores e insumos. Entre abril e maio, tamb\u00e9m foram habilitados mais de tr\u00eas mil de UTI voltados exclusivamente para o atendimento de pacientes graves ou grav\u00edssimos do coronav\u00edrus.<\/p>\n<p>Atualmente, a doen\u00e7a circula em pouco mais da metade dos munic\u00edpios brasileiros, mas a maior parte n\u00e3o registra nenhum \u00f3bito.<\/p>\n<p>&nbsp;<\/p>\n<p><strong>Fonte:\u00a0<\/strong>Assessoria<\/p>\n","protected":false},"excerpt":{"rendered":"<p>Uma boa not\u00edcia para come\u00e7ar a semana. Nesta segunda-feira (18), o Brasil ultrapassou a marca de 100.459 pessoas recuperadas da COVID-19, o que representa 39,5% do total de casos confirmados at\u00e9 o momento: 254.220 pessoas. Outras 136.969 pessoas est\u00e3o sendo acompanhadas (53,9%) por profissionais que monitoram a evolu\u00e7\u00e3o da doen\u00e7a. As informa\u00e7\u00f5es foram atualizadas at\u00e9 [&hellip;]<\/p>\n","protected":false},"author":96,"featured_media":157963,"comment_status":"closed","ping_status":"closed","sticky":false,"template":"","format":"standard","meta":{"footnotes":""},"categories":[302,436,440,439],"tags":[],"class_list":["post-160452","post","type-post","status-publish","format-standard","has-post-thumbnail","hentry","category-brasil-mundo","category-destaque-da-semana","category-destaques-do-dia","category-ultima-hora"],"_links":{"self":[{"href":"https:\/\/diarioregionaldigital.com.br\/index.php?rest_route=\/wp\/v2\/posts\/160452","targetHints":{"allow":["GET"]}}],"collection":[{"href":"https:\/\/diarioregionaldigital.com.br\/index.php?rest_route=\/wp\/v2\/posts"}],"about":[{"href":"https:\/\/diarioregionaldigital.com.br\/index.php?rest_route=\/wp\/v2\/types\/post"}],"author":[{"embeddable":true,"href":"https:\/\/diarioregionaldigital.com.br\/index.php?rest_route=\/wp\/v2\/users\/96"}],"replies":[{"embeddable":true,"href":"https:\/\/diarioregionaldigital.com.br\/index.php?rest_route=%2Fwp%2Fv2%2Fcomments&post=160452"}],"version-history":[{"count":0,"href":"https:\/\/diarioregionaldigital.com.br\/index.php?rest_route=\/wp\/v2\/posts\/160452\/revisions"}],"wp:featuredmedia":[{"embeddable":true,"href":"https:\/\/diarioregionaldigital.com.br\/index.php?rest_route=\/wp\/v2\/media\/157963"}],"wp:attachment":[{"href":"https:\/\/diarioregionaldigital.com.br\/index.php?rest_route=%2Fwp%2Fv2%2Fmedia&parent=160452"}],"wp:term":[{"taxonomy":"category","embeddable":true,"href":"https:\/\/diarioregionaldigital.com.br\/index.php?rest_route=%2Fwp%2Fv2%2Fcategories&post=160452"},{"taxonomy":"post_tag","embeddable":true,"href":"https:\/\/diarioregionaldigital.com.br\/index.php?rest_route=%2Fwp%2Fv2%2Ftags&post=160452"}],"curies":[{"name":"wp","href":"https:\/\/api.w.org\/{rel}","templated":true}]}}