{"id":160449,"date":"2020-05-18T19:02:08","date_gmt":"2020-05-18T22:02:08","guid":{"rendered":"https:\/\/diarioregionaldigital.com.br\/?p=160449"},"modified":"2020-05-18T19:02:08","modified_gmt":"2020-05-18T22:02:08","slug":"maior-libero-de-todos-os-tempos-serginho-da-adeus-ao-volei-com-quatro-medalhas-olimpicas-no-curriculo","status":"publish","type":"post","link":"https:\/\/diarioregionaldigital.com.br\/?p=160449","title":{"rendered":"Maior l\u00edbero de todos os tempos, Serginho d\u00e1 adeus ao v\u00f4lei com quatro medalhas ol\u00edmpicas no curr\u00edculo"},"content":{"rendered":"<p>A noite de s\u00e1bado (16) pegou os f\u00e3s e admiradores do voleibol de surpresa com uma not\u00edcia impactante. Sim, porque quem gosta de v\u00f4lei, admira S\u00e9rgio Escadinha. E foi o maior l\u00edbero da hist\u00f3ria do voleibol brasileiro que chegou com a not\u00edcia que ningu\u00e9m queria receber: o an\u00fancio de sua aposentadoria. Atrav\u00e9s de um post nas m\u00eddias sociais, Serginho avisou que parou. Chegou ao fim uma carreira de imenso sucesso e que deu muitas alegrias ao Brasil.<\/p>\n<p>Quatro finais ol\u00edmpicas seguidas, com duas medalhas de ouro, tamb\u00e9m bicampe\u00e3o mundial, tricampe\u00e3o da Copa do Mundo, nove vezes campe\u00e3o da Liga Mundial, campe\u00e3o pan-americano, diversas vezes campe\u00e3o sul-americano, campe\u00e3o de Superliga, mais do que campe\u00e3o na vida. O curr\u00edculo de Serginho \u00e9 gigante. A vida de Serginho \u00e9 exemplo.<\/p>\n<p>S\u00e9rgio Dutra dos Santos, hoje com 44 anos, nasceu no Paran\u00e1 e se mudou com a fam\u00edlia ainda crian\u00e7a para S\u00e3o Paulo, onde se tornou um dos representantes mais importantes de Pirituba, na zona norte da cidade. O v\u00f4lei foi a op\u00e7\u00e3o para enfrentar as dificuldades da vida. O v\u00f4lei salvou o jovem Serginho de situa\u00e7\u00f5es de risco onde ca\u00edram muitos de seus amigos na \u00e9poca.<\/p>\n<p>O v\u00f4lei tornou Serginho um atleta profissional, proporcionou que o jogador conhecesse o mundo, aprendesse sobre novas culturas, fizesse muitos amigos, formasse uma fam\u00edlia feliz e se tornasse, ao longo dos anos, a principal refer\u00eancia na posi\u00e7\u00e3o de l\u00edbero. Muito trabalho e dedica\u00e7\u00e3o todos os dias na quadra, aliado ao talento e m\u00e9ritos pr\u00f3prios fizeram com que S\u00e9rgio Escadinha se tornasse o maior.<\/p>\n<p>Hoje, dia seguinte ao an\u00fancio de sua aposentadoria, o bicampe\u00e3o ol\u00edmpico afirmou: \u201cChegou o momento. Quem viu o Serginho, quem viu a sele\u00e7\u00e3o brasileira com o Serginho, viu. Agora \u00e9 s\u00f3 por v\u00eddeo\u201d.<\/p>\n<p>Serginho contou como foi o processo de decis\u00e3o. \u201cDepois do Rio, eu pensei que precisava parar, encontrar uma forma de parar, e desde 2016 as pessoas n\u00e3o deixavam. Sempre tive um desafio diferente, novo, para cumprir e sempre fui um cara que aceitou todos os desafios\u201d, explicou o l\u00edbero.<\/p>\n<p>A pandemia da COVID-19 acelerou o fim da carreira de Serginho que entrou em quadra pela \u00faltima vez em 7 de mar\u00e7o, quando seu time, Pacaembu\/Ribeir\u00e3o Preto (SP) virou o jogo e venceu o Fiat\/Minas (MG) por 3 sets a 2 em jogo v\u00e1lido pela Superliga Banco do Brasil.<\/p>\n<p>Al\u00e9m de homenagens de muitos atletas do v\u00f4lei, que jogaram ao seu lado e mesmo os que nunca tiveram essa chance, Serginho recebeu o agradecimento do presidente da Confedera\u00e7\u00e3o Brasileira de Voleibol (CBV), Walter Pitombo Laranjeiras, o Toroca. \u201cSerginho \u00e9 um \u00eddolo da nossa modalidade e o voleibol brasileiro agradece por tudo que ele fez e segue representando para o nosso esporte\u201d, disse Toroca.<\/p>\n<p>Satisfeito com tudo que viveu no v\u00f4lei, Serginho espera propagar seus conhecimentos. \u201cVoleibol \u00e9 o que eu sei fazer e quero passar isso adiante. N\u00e3o quero morrer com tudo que aprendi. Hoje posso parar, posso encerrar a carreira, relembrar de tudo e saber que valeu a pena. Meu choro hoje \u00e9 de felicidade. A partir de agora, quem quiser lembrar de mim, jogue voleibol. S\u00f3 isso\u201d, finalizou o maior l\u00edbero da hist\u00f3ria do Brasil.<\/p>\n<p>&nbsp;<\/p>\n<p><strong>Fonte:\u00a0<\/strong>COB<\/p>\n","protected":false},"excerpt":{"rendered":"<p>A noite de s\u00e1bado (16) pegou os f\u00e3s e admiradores do voleibol de surpresa com uma not\u00edcia impactante. Sim, porque quem gosta de v\u00f4lei, admira S\u00e9rgio Escadinha. E foi o maior l\u00edbero da hist\u00f3ria do voleibol brasileiro que chegou com a not\u00edcia que ningu\u00e9m queria receber: o an\u00fancio de sua aposentadoria. Atrav\u00e9s de um post [&hellip;]<\/p>\n","protected":false},"author":96,"featured_media":160450,"comment_status":"closed","ping_status":"closed","sticky":false,"template":"","format":"standard","meta":{"footnotes":""},"categories":[436,257,439],"tags":[],"class_list":["post-160449","post","type-post","status-publish","format-standard","has-post-thumbnail","hentry","category-destaque-da-semana","category-esporte","category-ultima-hora"],"_links":{"self":[{"href":"https:\/\/diarioregionaldigital.com.br\/index.php?rest_route=\/wp\/v2\/posts\/160449","targetHints":{"allow":["GET"]}}],"collection":[{"href":"https:\/\/diarioregionaldigital.com.br\/index.php?rest_route=\/wp\/v2\/posts"}],"about":[{"href":"https:\/\/diarioregionaldigital.com.br\/index.php?rest_route=\/wp\/v2\/types\/post"}],"author":[{"embeddable":true,"href":"https:\/\/diarioregionaldigital.com.br\/index.php?rest_route=\/wp\/v2\/users\/96"}],"replies":[{"embeddable":true,"href":"https:\/\/diarioregionaldigital.com.br\/index.php?rest_route=%2Fwp%2Fv2%2Fcomments&post=160449"}],"version-history":[{"count":0,"href":"https:\/\/diarioregionaldigital.com.br\/index.php?rest_route=\/wp\/v2\/posts\/160449\/revisions"}],"wp:featuredmedia":[{"embeddable":true,"href":"https:\/\/diarioregionaldigital.com.br\/index.php?rest_route=\/wp\/v2\/media\/160450"}],"wp:attachment":[{"href":"https:\/\/diarioregionaldigital.com.br\/index.php?rest_route=%2Fwp%2Fv2%2Fmedia&parent=160449"}],"wp:term":[{"taxonomy":"category","embeddable":true,"href":"https:\/\/diarioregionaldigital.com.br\/index.php?rest_route=%2Fwp%2Fv2%2Fcategories&post=160449"},{"taxonomy":"post_tag","embeddable":true,"href":"https:\/\/diarioregionaldigital.com.br\/index.php?rest_route=%2Fwp%2Fv2%2Ftags&post=160449"}],"curies":[{"name":"wp","href":"https:\/\/api.w.org\/{rel}","templated":true}]}}