{"id":160446,"date":"2020-05-18T18:59:04","date_gmt":"2020-05-18T21:59:04","guid":{"rendered":"https:\/\/diarioregionaldigital.com.br\/?p=160446"},"modified":"2020-05-18T18:59:04","modified_gmt":"2020-05-18T21:59:04","slug":"fifa-organiza-jogo-para-arrecadar-fundos-em-prol-do-combate-ao-covid-19","status":"publish","type":"post","link":"https:\/\/diarioregionaldigital.com.br\/?p=160446","title":{"rendered":"FIFA organiza jogo para arrecadar fundos em prol do combate ao Covid-19"},"content":{"rendered":"<p>A FIFA anunciou nessa segunda-feira (18), que ir\u00e1 organizar um jogo beneficente para arrecadar fundos para colaborar com o combate \u00e0 epidemia do Coronav\u00edrus, atrav\u00e9s do programa FIFA Foundation. Os investimentos ser\u00e3o direcionados para o desenvolvimento de novas tecnologias no combate \u00e0 doen\u00e7a, incluindo diagn\u00f3stico, terap\u00eautica e vacinas. \u201cMais detalhes deste evento \u00fanico, incluindo local, data, participantes e formato, ser\u00e3o anunciados pela Funda\u00e7\u00e3o FIFA em devido tempo\u201d, acrescentou Youri Djorkaeff, campe\u00e3o do mundo com a Fran\u00e7a na Copa de 1998 e atual CEO da Funda\u00e7\u00e3o FIFA.<\/p>\n<p>Atrav\u00e9s do comunicado oficial, o presidente Gianni Infantino, diz que a entidade trabalha e faz campanhas de conscientiza\u00e7\u00e3o sobre o Coronav\u00edrus e que a realiza\u00e7\u00e3o do jogo ser\u00e1 de extrema import\u00e2ncia:<\/p>\n<p>&#8220;\u00c9 nossa responsabilidade demonstrar solidariedade e continuar a fazer tudo o que pudermos para participar e apoiar os esfor\u00e7os no combate \u00e0 pandemia. Temos participado ativamente da conscientiza\u00e7\u00e3o por meio de v\u00e1rias outras campanhas, e a FIFA tamb\u00e9m contribuiu financeiramente para essa causa, mas agora nos comprometemos a organizar esse evento global de capta\u00e7\u00e3o de recursos quando a situa\u00e7\u00e3o da sa\u00fade permitir, mesmo que seja apenas em alguns meses.\u201d<\/p>\n<p>Al\u00e9m disso, o ex-presidente da Argentina e atual presidente executivo da FIFA Foundation, Maur\u00edcio Macri, a entidade vai aproveitar a realiza\u00e7\u00e3o da partida para ampliar o alcance do futebol em geral:<\/p>\n<p>\u201cA Funda\u00e7\u00e3o FIFA se envolver\u00e1 n\u00e3o apenas com a comunidade mundial de futebol, mas tamb\u00e9m com outras partes interessadas, de organiza\u00e7\u00f5es n\u00e3o-governamentais a outras funda\u00e7\u00f5es e do setor privado a governos, a fim de garantir que esta iniciativa seja uma ajuda significativa para aqueles que est\u00e3o em vanguarda da pesquisa no combate ao COVID-19. Nosso foco \u00e9 desenvolver e apoiar uma sociedade que possa fornecer um equil\u00edbrio em termos de preven\u00e7\u00e3o de tais doen\u00e7as e da vida futura, criando um ambiente em que a sustentabilidade possa realmente prosperar&#8221;.<\/p>\n<p><strong>FIFA Foundation<\/strong><\/p>\n<p><strong>\u00a0<\/strong>Fundada em mar\u00e7o de 2018, a Funda\u00e7\u00e3o FIFA foi criada como uma entidade independente com os objetivos de ajudar a promover mudan\u00e7as sociais positivas em todo o mundo e aumentar o apoio \u00e0 recupera\u00e7\u00e3o e reconstru\u00e7\u00e3o de infra-estrutura esportiva danificada ou destru\u00edda em todo o mundo.<\/p>\n<p>Essas metas de responsabilidade social s\u00e3o supervisionadas pelo Conselho da FIFA Foundation, liderado pelo presidente da FIFA, Gianni Infantino, e podem ser apoiadas pela FIFA, parceiros da FIFA e lendas da FIFA. A abordagem da Funda\u00e7\u00e3o FIFA \u00e9 inovadora, moderna e digital em suas atividades de comunica\u00e7\u00e3o e capta\u00e7\u00e3o de recursos.<\/p>\n<p>&nbsp;<\/p>\n","protected":false},"excerpt":{"rendered":"<p>A FIFA anunciou nessa segunda-feira (18), que ir\u00e1 organizar um jogo beneficente para arrecadar fundos para colaborar com o combate \u00e0 epidemia do Coronav\u00edrus, atrav\u00e9s do programa FIFA Foundation. Os investimentos ser\u00e3o direcionados para o desenvolvimento de novas tecnologias no combate \u00e0 doen\u00e7a, incluindo diagn\u00f3stico, terap\u00eautica e vacinas. \u201cMais detalhes deste evento \u00fanico, incluindo local, [&hellip;]<\/p>\n","protected":false},"author":96,"featured_media":160447,"comment_status":"closed","ping_status":"closed","sticky":false,"template":"","format":"standard","meta":{"footnotes":""},"categories":[436,257,439],"tags":[],"class_list":["post-160446","post","type-post","status-publish","format-standard","has-post-thumbnail","hentry","category-destaque-da-semana","category-esporte","category-ultima-hora"],"_links":{"self":[{"href":"https:\/\/diarioregionaldigital.com.br\/index.php?rest_route=\/wp\/v2\/posts\/160446","targetHints":{"allow":["GET"]}}],"collection":[{"href":"https:\/\/diarioregionaldigital.com.br\/index.php?rest_route=\/wp\/v2\/posts"}],"about":[{"href":"https:\/\/diarioregionaldigital.com.br\/index.php?rest_route=\/wp\/v2\/types\/post"}],"author":[{"embeddable":true,"href":"https:\/\/diarioregionaldigital.com.br\/index.php?rest_route=\/wp\/v2\/users\/96"}],"replies":[{"embeddable":true,"href":"https:\/\/diarioregionaldigital.com.br\/index.php?rest_route=%2Fwp%2Fv2%2Fcomments&post=160446"}],"version-history":[{"count":0,"href":"https:\/\/diarioregionaldigital.com.br\/index.php?rest_route=\/wp\/v2\/posts\/160446\/revisions"}],"wp:featuredmedia":[{"embeddable":true,"href":"https:\/\/diarioregionaldigital.com.br\/index.php?rest_route=\/wp\/v2\/media\/160447"}],"wp:attachment":[{"href":"https:\/\/diarioregionaldigital.com.br\/index.php?rest_route=%2Fwp%2Fv2%2Fmedia&parent=160446"}],"wp:term":[{"taxonomy":"category","embeddable":true,"href":"https:\/\/diarioregionaldigital.com.br\/index.php?rest_route=%2Fwp%2Fv2%2Fcategories&post=160446"},{"taxonomy":"post_tag","embeddable":true,"href":"https:\/\/diarioregionaldigital.com.br\/index.php?rest_route=%2Fwp%2Fv2%2Ftags&post=160446"}],"curies":[{"name":"wp","href":"https:\/\/api.w.org\/{rel}","templated":true}]}}