{"id":160443,"date":"2020-05-18T18:54:05","date_gmt":"2020-05-18T21:54:05","guid":{"rendered":"https:\/\/diarioregionaldigital.com.br\/?p=160443"},"modified":"2020-05-18T18:54:05","modified_gmt":"2020-05-18T21:54:05","slug":"apos-vinte-anos-de-espera-claudio-roberto-de-sousa-enfim-recebera-medalha-de-prata-olimpica","status":"publish","type":"post","link":"https:\/\/diarioregionaldigital.com.br\/?p=160443","title":{"rendered":"Ap\u00f3s vinte anos de espera, Cl\u00e1udio Roberto de Sousa enfim receber\u00e1 medalha de prata ol\u00edmpica"},"content":{"rendered":"<p>Um dos grandes nomes do atletismo brasileiro nas provas de velocidade finalmente receber\u00e1 sua medalha ol\u00edmpica. Ap\u00f3s pedido de reavalia\u00e7\u00e3o do caso por parte do Comit\u00ea Ol\u00edmpico do Brasil (COB), o Comit\u00ea Ol\u00edmpico Internacional (COI) informou que Cl\u00e1udio Roberto de Sousa, integrante do revezamento 4x100m do Brasil nos Jogos Ol\u00edmpicos de Sydney, ganhar\u00e1 a medalha de prata que n\u00e3o lhe foi entregue h\u00e1 duas d\u00e9cadas. \u00c0 \u00e9poca, o velocista piauiense disputou as eliminat\u00f3rias da prova, mas acabou n\u00e3o sendo premiado pelo Comit\u00ea Organizador. Na final, Vicente Len\u00edlson, Edson Luciano, Andr\u00e9 Domingos e Claudinei Quirino conquistaram a prata, atr\u00e1s dos Estados Unidos e \u00e0 frente de Cuba.<\/p>\n<p>\u201cVamos reparar uma injusti\u00e7a hist\u00f3rica. Sempre o consideramos medalhista ol\u00edmpico, mas faltava ao Cl\u00e1udio receber a medalha que lhe \u00e9 de direito. Sua participa\u00e7\u00e3o naquele revezamento foi fundamental para o Brasil chegar \u00e0 decis\u00e3o e depois conquistar a medalha de prata\u201d, afirma o presidente do COB, Paulo Wanderley.<\/p>\n<p>Cl\u00e1udio, hoje com 46 anos, afirma que nunca desistiu de receber a medalha.\u00a0 &#8220;Eu tenho orgulho daquele time ter ganhado a medalha. Eu fiz parte dele, corri com eles. S\u00e3o vinte anos a espera dessa carta. Eu s\u00f3 tenho a agradecer\u201d, disse Cl\u00e1udio Roberto. \u201cN\u00e3o posso deixar de ressaltar a import\u00e2ncia do COB que foi o mediador dessa situa\u00e7\u00e3o, em contato com o Comit\u00ea Ol\u00edmpico Internacional, reivindicando essa medalha. O COB foi fundamental para que essa medalha chegasse at\u00e9 a mim. Agrade\u00e7o ao nosso presidente, Paulo Wanderley, que me ligou para dar os parab\u00e9ns, ao diretor Jorge Bichara, que foi muito resiliente na busca dessa medalha, e a todos que de alguma maneira contribu\u00edram para esse momento. Agrade\u00e7o muito pelo interesse de todos em resolver essa hist\u00f3ria\u201d.<\/p>\n<p>O presidente da Confedera\u00e7\u00e3o Brasileira de Atletismo, Warlindo Carneiro Filho, elogiou a postura de Cl\u00e1udio at\u00e9 que a hist\u00f3ria chegasse ao desfecho positivo. &#8220;Parabenizo o Claudinho, uma pessoa sensacional, pela tranquilidade com que esperou. Parabenizo o Andr\u00e9 Domingos, que fez uma homenagem ao Cl\u00e1udio com a r\u00e9plica da medalha entregue em 2017, na assembleia da CBAt. Parabenizo o COB pelo trabalho. Claudinho, que momento espetacular! Estamos todos felizes e emocionados com mais essa vit\u00f3ria do atletismo brasileiro&#8221;, disse Warlindo Carneiro.<\/p>\n<p>A busca pelo reconhecimento recome\u00e7ou em 2019, quando o vice-presidente do COB, Marco Ant\u00f4nio La Porta, se encontrou com Cl\u00e1udio em Teresina, terra natal do atleta. O COB, atrav\u00e9s de carta da Presid\u00eancia, fez uma nova consulta sobre o assunto junto ao Comit\u00ea Ol\u00edmpico Internacional. Depois de uma troca de mensagens, apresenta\u00e7\u00e3o e an\u00e1lise de provas e documentos, o COI comunicou ao COB que concordava com o pedido e enviar\u00e1 a medalha at\u00e9 o fim do ver\u00e3o europeu desde ano, em setembro.<\/p>\n<p>\u201cAssim que o COB receber a medalha enviada pelo COI, providenciaremos uma cerim\u00f4nia de entrega da medalha \u00e0 altura do feito do Cl\u00e1udio Roberto. O Comit\u00ea tem trabalhado para valorizar a mem\u00f3ria do esporte ol\u00edmpico brasileiro e, sem d\u00favidas, essa homenagem far\u00e1 jus a um dos grandes velocistas do Brasil\u201d, completou Paulo Wanderley.<\/p>\n<p><strong>Revezamento em Sydney 2000<\/strong><\/p>\n<p>Cl\u00e1udio foi o respons\u00e1vel por fechar o revezamento brasileiro nas eliminat\u00f3rias, ao lado de Vicente Lenilson, Edson Luciano e Andr\u00e9 Domingos, com o tempo de 38s32, segunda melhor marca daquela fase. A partir da semifinal, ele foi substitu\u00eddo por Claudinei Quirino, que manteve o alto n\u00edvel do quarteto brasileiro at\u00e9 a decis\u00e3o, quando foi superado o recorde brasileiro da prova (37s90). Agora, depois de 20 anos de espera, Cl\u00e1udio ter\u00e1 a honra de colocar a medalha no peito, em cerim\u00f4nia ainda sem data e local definido devido \u00e0 pandemia da COVID-19.<\/p>\n<p>\u201cA sensa\u00e7\u00e3o de receber a medalha \u00e9 maravilhosa. Eu busquei essa medalha durante anos e, de repente, ela vai chegar no meu peito. Nunca perdi a esperan\u00e7a, mas sempre conduzi de uma maneira tranquila. Esse \u00e9 o meu jeito. Confesso que quando o Andr\u00e9 Domingos me deu uma r\u00e9plica da medalha, parei de ir atr\u00e1s, mas ao mesmo tempo com a esperan\u00e7a, acreditando que de alguma forma esse momento iria acontecer. Agora \u00e9 esperar mais uns meses at\u00e9 essa medalha chegar at\u00e9 mim. J\u00e1 t\u00e1 confirmado, j\u00e1 \u00e9 oficial e eu estou numa felicidade bem grande\u201d, comentou Claudinho.<\/p>\n<p>A medalha ol\u00edmpica ser\u00e1 a coroa\u00e7\u00e3o da carreira deste velocista piauiense, de 46 anos, que ainda tem no curr\u00edculo a prata no Mundial de Atletismo, em Paris (Fran\u00e7a), e o ouro nos Jogos Pan-americanos de Santo Domingo (Rep\u00fablica Dominicana), ambas conquistadas em 2003. Atualmente, Cl\u00e1udio Roberto integra o projeto Her\u00f3is do Atletismo, da Confedera\u00e7\u00e3o Brasileira de Atletismo (CBAt), e busca formar novos talentos no projeto esportivo da Funda\u00e7\u00e3o Nossa Senhora da Paz, em Teresina (Piau\u00ed).<\/p>\n<p>\u201cO Cl\u00e1udio foi um excelente atleta que sofreu com algumas les\u00f5es que atrapalharam a sua carreira, mas, sempre que esteve presente em grandes competi\u00e7\u00f5es, se apresentou muito bem. Uma pessoa muito simples, do bem e querido por todos. Essa decis\u00e3o faz justi\u00e7a e traz uma felicidade a todo mundo que conhece o grande atleta que foi Cl\u00e1udio Roberto de Sousa\u201d, disse o diretor de esportes do COB, Jorge Bichara.<\/p>\n<p>&nbsp;<\/p>\n<p><strong>Fonte:<\/strong>\u00a0COB<\/p>\n","protected":false},"excerpt":{"rendered":"<p>Um dos grandes nomes do atletismo brasileiro nas provas de velocidade finalmente receber\u00e1 sua medalha ol\u00edmpica. Ap\u00f3s pedido de reavalia\u00e7\u00e3o do caso por parte do Comit\u00ea Ol\u00edmpico do Brasil (COB), o Comit\u00ea Ol\u00edmpico Internacional (COI) informou que Cl\u00e1udio Roberto de Sousa, integrante do revezamento 4x100m do Brasil nos Jogos Ol\u00edmpicos de Sydney, ganhar\u00e1 a medalha [&hellip;]<\/p>\n","protected":false},"author":96,"featured_media":160444,"comment_status":"closed","ping_status":"closed","sticky":false,"template":"","format":"standard","meta":{"footnotes":""},"categories":[436,257,439],"tags":[],"class_list":["post-160443","post","type-post","status-publish","format-standard","has-post-thumbnail","hentry","category-destaque-da-semana","category-esporte","category-ultima-hora"],"_links":{"self":[{"href":"https:\/\/diarioregionaldigital.com.br\/index.php?rest_route=\/wp\/v2\/posts\/160443","targetHints":{"allow":["GET"]}}],"collection":[{"href":"https:\/\/diarioregionaldigital.com.br\/index.php?rest_route=\/wp\/v2\/posts"}],"about":[{"href":"https:\/\/diarioregionaldigital.com.br\/index.php?rest_route=\/wp\/v2\/types\/post"}],"author":[{"embeddable":true,"href":"https:\/\/diarioregionaldigital.com.br\/index.php?rest_route=\/wp\/v2\/users\/96"}],"replies":[{"embeddable":true,"href":"https:\/\/diarioregionaldigital.com.br\/index.php?rest_route=%2Fwp%2Fv2%2Fcomments&post=160443"}],"version-history":[{"count":0,"href":"https:\/\/diarioregionaldigital.com.br\/index.php?rest_route=\/wp\/v2\/posts\/160443\/revisions"}],"wp:featuredmedia":[{"embeddable":true,"href":"https:\/\/diarioregionaldigital.com.br\/index.php?rest_route=\/wp\/v2\/media\/160444"}],"wp:attachment":[{"href":"https:\/\/diarioregionaldigital.com.br\/index.php?rest_route=%2Fwp%2Fv2%2Fmedia&parent=160443"}],"wp:term":[{"taxonomy":"category","embeddable":true,"href":"https:\/\/diarioregionaldigital.com.br\/index.php?rest_route=%2Fwp%2Fv2%2Fcategories&post=160443"},{"taxonomy":"post_tag","embeddable":true,"href":"https:\/\/diarioregionaldigital.com.br\/index.php?rest_route=%2Fwp%2Fv2%2Ftags&post=160443"}],"curies":[{"name":"wp","href":"https:\/\/api.w.org\/{rel}","templated":true}]}}