{"id":160440,"date":"2020-05-18T18:52:12","date_gmt":"2020-05-18T21:52:12","guid":{"rendered":"https:\/\/diarioregionaldigital.com.br\/?p=160440"},"modified":"2020-05-18T18:52:12","modified_gmt":"2020-05-18T21:52:12","slug":"federacao-italiana-de-futebol-mantem-suspensao-do-calendario-ate-14-de-junho","status":"publish","type":"post","link":"https:\/\/diarioregionaldigital.com.br\/?p=160440","title":{"rendered":"Federa\u00e7\u00e3o italiana de futebol mant\u00e9m suspens\u00e3o do calend\u00e1rio at\u00e9 14 de junho"},"content":{"rendered":"<p>A Federa\u00e7\u00e3o Italiana de Futebol (FIGC), divulgou um comunicado em seu site oficial, que manter\u00e1 a suspens\u00e3o do calend\u00e1rio do futebol local para at\u00e9 14 de junho. A decis\u00e3o foi tomada ap\u00f3s o primeiro-ministro Giuseppe Conte divulgar um decreto que pro\u00edbe realiza\u00e7\u00e3o de competi\u00e7\u00f5es esportivas at\u00e9 o dia 13, mesmo com port\u00f5es fechados.A federa\u00e7\u00e3o tinha planos para retomar o futebol nessa data.<\/p>\n<p>Diante dos fatos, os planos da entidade m\u00e1xima do futebol italiano devem ser revistos e o retorno do campeonato deve ocorrer no dia 20, o que obrigaria a disputa de duas rodadas por semana, algo que a liga e os clubes queriam evitar.<\/p>\n<p>Al\u00e9m disso, os clubes estavam planejando retomar com os treinos nessa segunda-feira (18), no entanto houve um impasse t\u00e9cnico e n\u00e3o h\u00e1 previs\u00e3o para retomada dos treinamentos.<\/p>\n<p>Devido ao in\u00edcio da epidemia e tamb\u00e9m ao grande n\u00famero de casos e mortes confirmadas pelo Coronav\u00edrus, o Campeonato Italiano est\u00e1 paralisado desde o m\u00eas de mar\u00e7o. At\u00e9 o momento, a Juventus de Cristiano Ronaldo lidera com 63 pontos, Lazio \u00e9 a vice-l\u00edder com 62, Internazionale de Mil\u00e3o \u00e9 o terceiro com 54 e a Atalanta fecha a zona de classifica\u00e7\u00e3o para a pr\u00f3xima edi\u00e7\u00e3o da Liga dos Campe\u00f5es com 48 pontos.<\/p>\n<p>&nbsp;<\/p>\n<p>&nbsp;<\/p>\n","protected":false},"excerpt":{"rendered":"<p>A Federa\u00e7\u00e3o Italiana de Futebol (FIGC), divulgou um comunicado em seu site oficial, que manter\u00e1 a suspens\u00e3o do calend\u00e1rio do futebol local para at\u00e9 14 de junho. A decis\u00e3o foi tomada ap\u00f3s o primeiro-ministro Giuseppe Conte divulgar um decreto que pro\u00edbe realiza\u00e7\u00e3o de competi\u00e7\u00f5es esportivas at\u00e9 o dia 13, mesmo com port\u00f5es fechados.A federa\u00e7\u00e3o tinha [&hellip;]<\/p>\n","protected":false},"author":96,"featured_media":160441,"comment_status":"closed","ping_status":"closed","sticky":false,"template":"","format":"standard","meta":{"footnotes":""},"categories":[436,257,439],"tags":[],"class_list":["post-160440","post","type-post","status-publish","format-standard","has-post-thumbnail","hentry","category-destaque-da-semana","category-esporte","category-ultima-hora"],"_links":{"self":[{"href":"https:\/\/diarioregionaldigital.com.br\/index.php?rest_route=\/wp\/v2\/posts\/160440","targetHints":{"allow":["GET"]}}],"collection":[{"href":"https:\/\/diarioregionaldigital.com.br\/index.php?rest_route=\/wp\/v2\/posts"}],"about":[{"href":"https:\/\/diarioregionaldigital.com.br\/index.php?rest_route=\/wp\/v2\/types\/post"}],"author":[{"embeddable":true,"href":"https:\/\/diarioregionaldigital.com.br\/index.php?rest_route=\/wp\/v2\/users\/96"}],"replies":[{"embeddable":true,"href":"https:\/\/diarioregionaldigital.com.br\/index.php?rest_route=%2Fwp%2Fv2%2Fcomments&post=160440"}],"version-history":[{"count":0,"href":"https:\/\/diarioregionaldigital.com.br\/index.php?rest_route=\/wp\/v2\/posts\/160440\/revisions"}],"wp:featuredmedia":[{"embeddable":true,"href":"https:\/\/diarioregionaldigital.com.br\/index.php?rest_route=\/wp\/v2\/media\/160441"}],"wp:attachment":[{"href":"https:\/\/diarioregionaldigital.com.br\/index.php?rest_route=%2Fwp%2Fv2%2Fmedia&parent=160440"}],"wp:term":[{"taxonomy":"category","embeddable":true,"href":"https:\/\/diarioregionaldigital.com.br\/index.php?rest_route=%2Fwp%2Fv2%2Fcategories&post=160440"},{"taxonomy":"post_tag","embeddable":true,"href":"https:\/\/diarioregionaldigital.com.br\/index.php?rest_route=%2Fwp%2Fv2%2Ftags&post=160440"}],"curies":[{"name":"wp","href":"https:\/\/api.w.org\/{rel}","templated":true}]}}