{"id":160438,"date":"2020-05-18T18:51:01","date_gmt":"2020-05-18T21:51:01","guid":{"rendered":"https:\/\/diarioregionaldigital.com.br\/?p=160438"},"modified":"2020-05-18T18:51:01","modified_gmt":"2020-05-18T21:51:01","slug":"homem-tenta-furtar-materiais-de-estabelecimento-em-obras-no-vale-do-ipe","status":"publish","type":"post","link":"https:\/\/diarioregionaldigital.com.br\/?p=160438","title":{"rendered":"Homem tenta furtar materiais de estabelecimento em obras no Vale do Ip\u00ea"},"content":{"rendered":"<p>Um homem de 45 anos, foi visto roubando conex\u00f5es de mangueira de inc\u00eandio, dentro de um estabelecimento em obras no Bairro Vale do Ip\u00ea em Juiz de Fora. O caso foi presenciado por um casal de integrantes da Pol\u00edcia Militar (PM), que passavam pelo local no caminho pro trabalho. Ao notarem atitude suspeita do autor, os policiais imediatamente iniciaram abordagem, mas logo em seguida o suspeita saca uma faca do bolso na tentativa de intimidar o casal.<\/p>\n<p>No entanto, ele se rendeu e jogou a faca no ch\u00e3o. Durante relatos, o autor conta que iria vender os dois materiais no valor de R$10,00 e diante dos fatos, foi preso em flagrante e conduzido para a Delegacia.<\/p>\n","protected":false},"excerpt":{"rendered":"<p>Um homem de 45 anos, foi visto roubando conex\u00f5es de mangueira de inc\u00eandio, dentro de um estabelecimento em obras no Bairro Vale do Ip\u00ea em Juiz de Fora. O caso foi presenciado por um casal de integrantes da Pol\u00edcia Militar (PM), que passavam pelo local no caminho pro trabalho. Ao notarem atitude suspeita do autor, [&hellip;]<\/p>\n","protected":false},"author":96,"featured_media":95836,"comment_status":"closed","ping_status":"closed","sticky":false,"template":"","format":"standard","meta":{"footnotes":""},"categories":[301,436,439],"tags":[],"class_list":["post-160438","post","type-post","status-publish","format-standard","has-post-thumbnail","hentry","category-artigos-policiais","category-destaque-da-semana","category-ultima-hora"],"_links":{"self":[{"href":"https:\/\/diarioregionaldigital.com.br\/index.php?rest_route=\/wp\/v2\/posts\/160438","targetHints":{"allow":["GET"]}}],"collection":[{"href":"https:\/\/diarioregionaldigital.com.br\/index.php?rest_route=\/wp\/v2\/posts"}],"about":[{"href":"https:\/\/diarioregionaldigital.com.br\/index.php?rest_route=\/wp\/v2\/types\/post"}],"author":[{"embeddable":true,"href":"https:\/\/diarioregionaldigital.com.br\/index.php?rest_route=\/wp\/v2\/users\/96"}],"replies":[{"embeddable":true,"href":"https:\/\/diarioregionaldigital.com.br\/index.php?rest_route=%2Fwp%2Fv2%2Fcomments&post=160438"}],"version-history":[{"count":0,"href":"https:\/\/diarioregionaldigital.com.br\/index.php?rest_route=\/wp\/v2\/posts\/160438\/revisions"}],"wp:featuredmedia":[{"embeddable":true,"href":"https:\/\/diarioregionaldigital.com.br\/index.php?rest_route=\/wp\/v2\/media\/95836"}],"wp:attachment":[{"href":"https:\/\/diarioregionaldigital.com.br\/index.php?rest_route=%2Fwp%2Fv2%2Fmedia&parent=160438"}],"wp:term":[{"taxonomy":"category","embeddable":true,"href":"https:\/\/diarioregionaldigital.com.br\/index.php?rest_route=%2Fwp%2Fv2%2Fcategories&post=160438"},{"taxonomy":"post_tag","embeddable":true,"href":"https:\/\/diarioregionaldigital.com.br\/index.php?rest_route=%2Fwp%2Fv2%2Ftags&post=160438"}],"curies":[{"name":"wp","href":"https:\/\/api.w.org\/{rel}","templated":true}]}}