{"id":160409,"date":"2020-05-18T15:30:50","date_gmt":"2020-05-18T18:30:50","guid":{"rendered":"https:\/\/diarioregionaldigital.com.br\/?p=160409"},"modified":"2020-05-18T15:30:50","modified_gmt":"2020-05-18T18:30:50","slug":"pib-cai-12-no-primeiro-trimestre-do-ano","status":"publish","type":"post","link":"https:\/\/diarioregionaldigital.com.br\/?p=160409","title":{"rendered":"PIB cai 1,2% no primeiro trimestre do ano"},"content":{"rendered":"<p>O Produto Interno Bruto (PIB), a soma de todos os bens e servi\u00e7os produzidos no pa\u00eds, recuou 1,2% no primeiro trimestre deste ano, na compara\u00e7\u00e3o com o \u00faltimo trimestre de 2019. A queda interrompe a trajet\u00f3ria de crescimento iniciada no primeiro trimestre de 2017. O dado \u00e9 do Monitor do PIB, divulgado nessa segunda-feira (18) pela Funda\u00e7\u00e3o Getulio Vargas (FGV).<\/p>\n<p>Segundo a FGV, o PIB cresceu 0,1% na compara\u00e7\u00e3o com o primeiro trimestre do ano. Considerando-se apenas o m\u00eas de mar\u00e7o, que foi quando come\u00e7aram as medidas de isolamento para combater a pandemia do novo coronav\u00edrus (covid-19), o PIB caiu 5,3%, em rela\u00e7\u00e3o a fevereiro, e 1,1% na compara\u00e7\u00e3o com mar\u00e7o do ano passado.<\/p>\n<p>\u201c\u00c9 ineg\u00e1vel que o ano de 2020 ser\u00e1 marcado pela forte desacelera\u00e7\u00e3o econ\u00f4mica em decorr\u00eancia da pandemia de covid-19; passamos do lento ritmo de crescimento observado nos tr\u00eas \u00faltimos anos \u00e0 acelerada retra\u00e7\u00e3o, que est\u00e1 apenas no in\u00edcio\u201d afirma o coordenador do Monitor do PIB da FGV, Claudio Considera.<\/p>\n<p>Em rela\u00e7\u00e3o ao primeiro trimestre de 2019, o consumo das fam\u00edlias cresceu 0,2% no primeiro trimestre deste ano. J\u00e1 a forma\u00e7\u00e3o bruta de capital fixo, isto \u00e9, os investimentos, caiu 0,2% no per\u00edodo. As exporta\u00e7\u00f5es recuaram 3,8%. As importa\u00e7\u00f5es, ao contr\u00e1rio das exporta\u00e7\u00f5es, cresceram 5,3% no per\u00edodo.<\/p>\n<p><strong>Sa\u00fade<\/strong><\/p>\n<p>Nesta edi\u00e7\u00e3o do Monitor do PIB, a FGV fez uma an\u00e1lise especial do sistema de sa\u00fade. Em conjunto, as atividades de sa\u00fade p\u00fablica e privada representavam, de acordo com o IBGE, 4,3% do PIB em 2017, sendo a sa\u00fade p\u00fablica respons\u00e1vel por 2% e a sa\u00fade privada, por 2,3%.<\/p>\n<p>Em mar\u00e7o, a atividade de sa\u00fade p\u00fablica caiu 2,7%, na compara\u00e7\u00e3o com mar\u00e7o de 2019. J\u00e1 a atividade de sa\u00fade privada teve retra\u00e7\u00e3o de 0,6%, no per\u00edodo.<\/p>\n<p>Segundo a FGV, as quedas de produ\u00e7\u00e3o da atividade de sa\u00fade, tanto p\u00fablica quanto privada, est\u00e3o, provavelmente, associadas ao adiamento de consultas e exames devido ao isolamento social dos 15 \u00faltimos dias do m\u00eas de mar\u00e7o.<\/p>\n<p>&nbsp;<\/p>\n<p><strong>Fonte:<\/strong>\u00a0Ag\u00eancia Brasil<\/p>\n","protected":false},"excerpt":{"rendered":"<p>O Produto Interno Bruto (PIB), a soma de todos os bens e servi\u00e7os produzidos no pa\u00eds, recuou 1,2% no primeiro trimestre deste ano, na compara\u00e7\u00e3o com o \u00faltimo trimestre de 2019. A queda interrompe a trajet\u00f3ria de crescimento iniciada no primeiro trimestre de 2017. O dado \u00e9 do Monitor do PIB, divulgado nessa segunda-feira (18) [&hellip;]<\/p>\n","protected":false},"author":96,"featured_media":160410,"comment_status":"closed","ping_status":"closed","sticky":false,"template":"","format":"standard","meta":{"footnotes":""},"categories":[436,261,439],"tags":[],"class_list":["post-160409","post","type-post","status-publish","format-standard","has-post-thumbnail","hentry","category-destaque-da-semana","category-economia","category-ultima-hora"],"_links":{"self":[{"href":"https:\/\/diarioregionaldigital.com.br\/index.php?rest_route=\/wp\/v2\/posts\/160409","targetHints":{"allow":["GET"]}}],"collection":[{"href":"https:\/\/diarioregionaldigital.com.br\/index.php?rest_route=\/wp\/v2\/posts"}],"about":[{"href":"https:\/\/diarioregionaldigital.com.br\/index.php?rest_route=\/wp\/v2\/types\/post"}],"author":[{"embeddable":true,"href":"https:\/\/diarioregionaldigital.com.br\/index.php?rest_route=\/wp\/v2\/users\/96"}],"replies":[{"embeddable":true,"href":"https:\/\/diarioregionaldigital.com.br\/index.php?rest_route=%2Fwp%2Fv2%2Fcomments&post=160409"}],"version-history":[{"count":0,"href":"https:\/\/diarioregionaldigital.com.br\/index.php?rest_route=\/wp\/v2\/posts\/160409\/revisions"}],"wp:featuredmedia":[{"embeddable":true,"href":"https:\/\/diarioregionaldigital.com.br\/index.php?rest_route=\/wp\/v2\/media\/160410"}],"wp:attachment":[{"href":"https:\/\/diarioregionaldigital.com.br\/index.php?rest_route=%2Fwp%2Fv2%2Fmedia&parent=160409"}],"wp:term":[{"taxonomy":"category","embeddable":true,"href":"https:\/\/diarioregionaldigital.com.br\/index.php?rest_route=%2Fwp%2Fv2%2Fcategories&post=160409"},{"taxonomy":"post_tag","embeddable":true,"href":"https:\/\/diarioregionaldigital.com.br\/index.php?rest_route=%2Fwp%2Fv2%2Ftags&post=160409"}],"curies":[{"name":"wp","href":"https:\/\/api.w.org\/{rel}","templated":true}]}}