{"id":160404,"date":"2020-05-18T14:09:11","date_gmt":"2020-05-18T17:09:11","guid":{"rendered":"https:\/\/diarioregionaldigital.com.br\/?p=160404"},"modified":"2020-05-18T14:09:11","modified_gmt":"2020-05-18T17:09:11","slug":"estado-confirma-mais-cinco-mortes-por-coronavirus","status":"publish","type":"post","link":"https:\/\/diarioregionaldigital.com.br\/?p=160404","title":{"rendered":"Estado confirma mais cinco mortes por Coronav\u00edrus"},"content":{"rendered":"<p>A Secretaria de Estado da Sa\u00fade de Minas Gerais (SES-MG), confirmou mais seis \u00f3bitos por Coronav\u00edrus, em boletim divulgado nesta segunda-feira (18): Lavras (idoso de 69 anos), Muria\u00e9 (idoso de 93 anos), Ouro Preto (homem de 46 anos), Estrela Dalva (idoso de 81 anos) e Uberl\u00e2ndia (homem de 41 anos). Conforme o <a href=\"https:\/\/www.saude.mg.gov.br\/images\/noticias_e_eventos\/000_2020\/mar_abr_maio\/Boletim_Epidemiologico_COVID-19_18.05.2020.pdf\">levantamento\u00a0<\/a>, houve aumento para 4.695 casos confirmados e 2.254 est\u00e3o recuperados da doen\u00e7a. Quanto aos testes laboratoriais, a Sa\u00fade contabilizou 17.813 testes realizados, sendo que 982 deram positivo e 15.932 deram negativos.<\/p>\n<p>Os\u00a0dados atualizados\u00a0referentes a \u00f3bitos confirmados em Minas Gerais s\u00e3o: Alfredo Vasconcelos (1), Alto Jequitib\u00e1 (1), Araguari (1), Arax\u00e1 (1), Barbacena (2), Belmiro Braga (1), Belo Horizonte (31), Belo Vale (1), Betim (3), Boa Esperan\u00e7a (2), Bonfim (1), Bueno Brand\u00e3o (1), Capit\u00f3lio (1), Carmo do Cajuru (2), Cataguases(2), Caxambu (1), Centralina (1), Contagem (3), Divin\u00f3polis (1), Espinosa (1), Estrela Dalva (1), Extrema (3), Governador Valadares (5), Ipia\u00e7u (1), Itabira (1), Itabirito (1), Itajub\u00e1 (1), Itambacuri (1), Itapeva (1), Jacutinga (1), Jequitinhonha (1), Juiz de Fora (23), Lavras (1), Manhua\u00e7u (1), Mar de Espanha (1), Mariana (3), M\u00e1rio Campos (1), Martinho Campos (1), Montes Claros (2), Morro da Gar\u00e7a (1), Muria\u00e9 (2), Nanuque (1), Nova Serrana (1), Novo Cruzeiro (1), Ouro Fino (1), Ouro Preto (1), Paracatu (1), Parais\u00f3polis (2), Patos de Minas (1), Patroc\u00ednio (1), Perdizes (1), Piranga (1), Piumhi (1), Planura (1), Po\u00e7os de Caldas (3), Pouso Alegre (3), Presidente Juscelino (1), Ribeir\u00e3o das Neves (1),\u00a0 Rio Pomba (1), Santa Luzia (1), Santos Dumont (1), S\u00e3o Francisco (2), S\u00e3o Geraldo da Piedade (1), S\u00e3o Jo\u00e3o do Manhua\u00e7u (1), S\u00e3o Jo\u00e3o Nepomuceno (1), S\u00e3o Jos\u00e9 da Lapa (1), S\u00e3o Rom\u00e3o (1), S\u00e3o Sebasti\u00e3o do Para\u00edso (1), S\u00e3o Tom\u00e1s de Aquino (1), Sete Lagoas (1), Te\u00f3filo Otoni (1), Toledo (1), Tr\u00eas Pontas (1), Uberaba (5), Uberl\u00e2ndia (12), Varginha (1) e Varzel\u00e2ndia (1).<\/p>\n<div class=\"the_champ_sharing_container the_champ_horizontal_sharing\"><\/div>\n<p>&nbsp;<\/p>\n","protected":false},"excerpt":{"rendered":"<p>A Secretaria de Estado da Sa\u00fade de Minas Gerais (SES-MG), confirmou mais seis \u00f3bitos por Coronav\u00edrus, em boletim divulgado nesta segunda-feira (18): Lavras (idoso de 69 anos), Muria\u00e9 (idoso de 93 anos), Ouro Preto (homem de 46 anos), Estrela Dalva (idoso de 81 anos) e Uberl\u00e2ndia (homem de 41 anos). Conforme o levantamento\u00a0, houve aumento [&hellip;]<\/p>\n","protected":false},"author":96,"featured_media":156129,"comment_status":"closed","ping_status":"closed","sticky":false,"template":"","format":"standard","meta":{"footnotes":""},"categories":[436,440,252,439],"tags":[],"class_list":["post-160404","post","type-post","status-publish","format-standard","has-post-thumbnail","hentry","category-destaque-da-semana","category-destaques-do-dia","category-regiao","category-ultima-hora"],"_links":{"self":[{"href":"https:\/\/diarioregionaldigital.com.br\/index.php?rest_route=\/wp\/v2\/posts\/160404","targetHints":{"allow":["GET"]}}],"collection":[{"href":"https:\/\/diarioregionaldigital.com.br\/index.php?rest_route=\/wp\/v2\/posts"}],"about":[{"href":"https:\/\/diarioregionaldigital.com.br\/index.php?rest_route=\/wp\/v2\/types\/post"}],"author":[{"embeddable":true,"href":"https:\/\/diarioregionaldigital.com.br\/index.php?rest_route=\/wp\/v2\/users\/96"}],"replies":[{"embeddable":true,"href":"https:\/\/diarioregionaldigital.com.br\/index.php?rest_route=%2Fwp%2Fv2%2Fcomments&post=160404"}],"version-history":[{"count":0,"href":"https:\/\/diarioregionaldigital.com.br\/index.php?rest_route=\/wp\/v2\/posts\/160404\/revisions"}],"wp:featuredmedia":[{"embeddable":true,"href":"https:\/\/diarioregionaldigital.com.br\/index.php?rest_route=\/wp\/v2\/media\/156129"}],"wp:attachment":[{"href":"https:\/\/diarioregionaldigital.com.br\/index.php?rest_route=%2Fwp%2Fv2%2Fmedia&parent=160404"}],"wp:term":[{"taxonomy":"category","embeddable":true,"href":"https:\/\/diarioregionaldigital.com.br\/index.php?rest_route=%2Fwp%2Fv2%2Fcategories&post=160404"},{"taxonomy":"post_tag","embeddable":true,"href":"https:\/\/diarioregionaldigital.com.br\/index.php?rest_route=%2Fwp%2Fv2%2Ftags&post=160404"}],"curies":[{"name":"wp","href":"https:\/\/api.w.org\/{rel}","templated":true}]}}