{"id":160401,"date":"2020-05-18T13:48:18","date_gmt":"2020-05-18T16:48:18","guid":{"rendered":"https:\/\/diarioregionaldigital.com.br\/?p=160401"},"modified":"2020-05-18T13:48:18","modified_gmt":"2020-05-18T16:48:18","slug":"governo-concede-registro-para-cubanos-reintegrarem-o-mais-medicos","status":"publish","type":"post","link":"https:\/\/diarioregionaldigital.com.br\/?p=160401","title":{"rendered":"Governo concede registro para cubanos reintegrarem o Mais M\u00e9dicos"},"content":{"rendered":"<p>O Minist\u00e9rio da Sa\u00fade publicou no<em>\u00a0Di\u00e1rio Oficial da Uni\u00e3o<\/em>\u00a0de hoje (18) a lista de m\u00e9dicos cubanos que ser\u00e3o reincorporados ao Projeto\u00a0Mais M\u00e9dicos para o Brasil.<\/p>\n<p>De acordo com a Portaria n\u00ba 31, por meio da Secretaria de Aten\u00e7\u00e3o Prim\u00e1ria \u00e0 Sa\u00fade ser\u00e1 concedido registro \u00fanico para o exerc\u00edcio da medicina, no \u00e2mbito do projeto, aos m\u00e9dicos cubanos \u201creincorporados em 1\u00aa chamada do Edital n\u00ba 9 de 26 de mar\u00e7o de 2020\u201d.<\/p>\n<p>Para acessar a portaria com a lista dos m\u00e9dicos cubanos, bem como a localidade e a data em que as atividades ser\u00e3o iniciadas,\u00a0clique aqui.<\/p>\n<p>Em mar\u00e7o, o Minist\u00e9rio da Sa\u00fade informou que 7.167 m\u00e9dicos j\u00e1 haviam se inscrito no edital do Mais M\u00e9dicos para o Brasil\u00a0aberto para refor\u00e7ar as equipes de sa\u00fade em fun\u00e7\u00e3o da epidemia do\u00a0novo coronav\u00edrus\u00a0(covid-19). A previs\u00e3o anunciada foi de que at\u00e9 cinco chamadas seriam feitas, sendo que m\u00e9dicos cubanos poder\u00e3o ser convocados ap\u00f3s a 3\u00aa chamada.<\/p>\n<p>A pasta havia estimado um total de R$ 1,4 bilh\u00e3o em investimentos, e que esses profissionais poder\u00e3o atuar em mais de uma unidade de sa\u00fade, o que dever\u00e1 ser organizado pelas respectivas secretarias de sa\u00fade.<\/p>\n<p>&nbsp;<\/p>\n<p><strong>Fonte:\u00a0<\/strong>Ag\u00eancia Brasil<\/p>\n","protected":false},"excerpt":{"rendered":"<p>O Minist\u00e9rio da Sa\u00fade publicou no\u00a0Di\u00e1rio Oficial da Uni\u00e3o\u00a0de hoje (18) a lista de m\u00e9dicos cubanos que ser\u00e3o reincorporados ao Projeto\u00a0Mais M\u00e9dicos para o Brasil. De acordo com a Portaria n\u00ba 31, por meio da Secretaria de Aten\u00e7\u00e3o Prim\u00e1ria \u00e0 Sa\u00fade ser\u00e1 concedido registro \u00fanico para o exerc\u00edcio da medicina, no \u00e2mbito do projeto, aos [&hellip;]<\/p>\n","protected":false},"author":96,"featured_media":160402,"comment_status":"closed","ping_status":"closed","sticky":false,"template":"","format":"standard","meta":{"footnotes":""},"categories":[302,436,440,439],"tags":[],"class_list":["post-160401","post","type-post","status-publish","format-standard","has-post-thumbnail","hentry","category-brasil-mundo","category-destaque-da-semana","category-destaques-do-dia","category-ultima-hora"],"_links":{"self":[{"href":"https:\/\/diarioregionaldigital.com.br\/index.php?rest_route=\/wp\/v2\/posts\/160401","targetHints":{"allow":["GET"]}}],"collection":[{"href":"https:\/\/diarioregionaldigital.com.br\/index.php?rest_route=\/wp\/v2\/posts"}],"about":[{"href":"https:\/\/diarioregionaldigital.com.br\/index.php?rest_route=\/wp\/v2\/types\/post"}],"author":[{"embeddable":true,"href":"https:\/\/diarioregionaldigital.com.br\/index.php?rest_route=\/wp\/v2\/users\/96"}],"replies":[{"embeddable":true,"href":"https:\/\/diarioregionaldigital.com.br\/index.php?rest_route=%2Fwp%2Fv2%2Fcomments&post=160401"}],"version-history":[{"count":0,"href":"https:\/\/diarioregionaldigital.com.br\/index.php?rest_route=\/wp\/v2\/posts\/160401\/revisions"}],"wp:featuredmedia":[{"embeddable":true,"href":"https:\/\/diarioregionaldigital.com.br\/index.php?rest_route=\/wp\/v2\/media\/160402"}],"wp:attachment":[{"href":"https:\/\/diarioregionaldigital.com.br\/index.php?rest_route=%2Fwp%2Fv2%2Fmedia&parent=160401"}],"wp:term":[{"taxonomy":"category","embeddable":true,"href":"https:\/\/diarioregionaldigital.com.br\/index.php?rest_route=%2Fwp%2Fv2%2Fcategories&post=160401"},{"taxonomy":"post_tag","embeddable":true,"href":"https:\/\/diarioregionaldigital.com.br\/index.php?rest_route=%2Fwp%2Fv2%2Ftags&post=160401"}],"curies":[{"name":"wp","href":"https:\/\/api.w.org\/{rel}","templated":true}]}}